{"id":92,"date":"2019-07-16T16:57:39","date_gmt":"2019-07-16T16:57:39","guid":{"rendered":"http:\/\/masqueseguro.es\/blog\/?p=92"},"modified":"2022-11-03T19:58:51","modified_gmt":"2022-11-03T19:58:51","slug":"dia-mundial-contra-la-hepatitis","status":"publish","type":"post","link":"https:\/\/masqueseguro.es\/blog\/enfermedades\/dia-mundial-contra-la-hepatitis\/","title":{"rendered":"D\u00eda Mundial contra la hepatitis"},"content":{"rendered":"<p><span style=\"font-size: medium;\">Cada 28 de julio se celebra en todo el mundo el D\u00eda Mundial contra la Hepatitis, idea que surgi\u00f3 en 2008 desde la ONG Alianza Mundial Contra al Hepatitis y a la que en 2010 se uni\u00f3 la Organizaci\u00f3n Mundial de la Salud con el objetivo de aumentar la visibilizaci\u00f3n y comprensi\u00f3n sobre los distintos tipos de hepatitis y sus consecuencias sobre la salud. El d\u00eda fue designado en honor al Premio Nobel Baruch Blumberg, descubridor de la enfermedad. <\/span><\/p>\n<p><span style=\"font-size: medium;\">Actualmente la hepatitis en alguna de sus versiones afecta a aproximadamente a 300 millones de personas, algo que la Organizaci\u00f3n Mundial de la Salud considera a todas luces excesivo ya que a d\u00eda de hoy ya contamos con herramientas para erradicar esta enfermedad, algo que para este organismo deber\u00eda poder lograrse para el a\u00f1o 2030.<\/span><\/p>\n<p><span style=\"font-size: medium;\"><b>Qu\u00e9 es la hepatitis<\/b><\/span><\/p>\n<p><span style=\"font-size: medium;\">La hepatitis es una inflamaci\u00f3n del h\u00edgado, normalmente causada por los virus de la hepatitis, aunque tambi\u00e9n puede ser provocada por otras infecciones o la ingesta de ciertas sustancias como alcohol y drogas o enfermedades autoinmunes.<\/span><\/p>\n<p><span style=\"font-size: medium;\">La inflamaci\u00f3n puede remitir por si misma o empeorar hacia una fibrosis, una cirrosis e incluso un c\u00e1ncer de h\u00edgado. Hay cinco tipos de hepatitis, A, B, C, D y E.<\/span><\/p>\n<p><span style=\"font-size: medium;\"><b>Tipos de hepatitis y sus s\u00edntomas<\/b><\/span><\/p>\n<p><span style=\"font-size: medium;\">Hay cinco tipos de hepatitis, que var\u00edan en cuanto a s\u00edntomas, gravedad y m\u00e9todo de contagio. Los cinco tipos de hepatitis son:<\/span><\/p>\n<p><span style=\"font-size: medium;\"><b>Hepatitis A<\/b><\/span><\/p>\n<p><span style=\"font-size: medium;\">Su contagio se produce a trav\u00e9s del consumo de agua o alimentos contaminados por el virus. Es la menos agresiva de todas, de hecho, en la mayor\u00eda de los casos no llega ni a provocar s\u00edntomas perceptibles, por lo que no es diagnosticada ni tratada y simplemente se pasa sola. Cuando presenta s\u00edntomas, estos son cansancio, ictericia, inapetencia, n\u00e1useas y v\u00f3mitos. Suele ser algo m\u00e1s grave en adultos que en ni\u00f1os, aunque normalmente no se vuelve cr\u00f3nica ni provoca da\u00f1os permanentes en el h\u00edgado<\/span><\/p>\n<p><span style=\"font-size: medium;\"><b>Hepatitis B<\/b><\/span><\/p>\n<p><span style=\"font-size: medium;\">Producida por el virus de la hepatitis B, se transmite a trav\u00e9s de fluidos corporales como la sangre, el semen, la orina, la saliva y las l\u00e1grimas. Las formas m\u00e1s habituales de transmisi\u00f3n son a trav\u00e9s de jeringuillas infectadas, ya sea por consumo de droga o por piercings y tatuajes, a trav\u00e9s de relaciones sexuales y las madres a trav\u00e9s del parto o la lactancia. <\/span><\/p>\n<p><span style=\"font-size: medium;\">La hepatitis B puede derivar en problemas graves de ri\u00f1\u00f3n ya que tiene a cronificarse con facilidad, lo que significa que puede llegar a durar m\u00e1s de 6 meses, lo que aumenta considerablemente el riesgo de que provoque alg\u00fan tipo de insuficiencia hep\u00e1tica, c\u00e1ncer de h\u00edgado o cirrosis. <\/span><\/p>\n<p><span style=\"font-size: medium;\">Uno de sus peligros es que puede portarse el virus sin que este presente s\u00edntomas, lo que hace imposible que el portador sepa que puede contagiarla. Sus s\u00edntomas son similares a los de la hepatitis A: orina oscura, fiebre, dolor abdominal, n\u00e1useas y v\u00f3mitos, fatiga y pigmentaci\u00f3n amarilla de piel y blanco de los ojos. <\/span><\/p>\n<p><span style=\"font-size: medium;\"><b>Hepatitis C<\/b><\/span><\/p>\n<p><span style=\"font-size: medium;\">La causa el virus de la hepatitis C y a diferencia de la B, solo puede transmitirse a trav\u00e9s de la sangre. Como en la hepatitis B, la enfermedad se puede presentar de manera aguda o de manera cr\u00f3nica. Esta vertiente se presenta casi siempre de manera asintom\u00e1tica, por lo que aumenta el riesgo de cirrosis y c\u00e1ncer hep\u00e1tico.<\/span><\/p>\n<p><span style=\"font-size: medium;\"><b>Hepatitis D<\/b><\/span><\/p>\n<p><span style=\"font-size: medium;\">Es la m\u00e1s grave de las vertientes de la enfermedad, tambi\u00e9n la m\u00e1s extra\u00f1a en su desarrollo ya que para que un paciente desarrolle hepatitis D es condici\u00f3n indispensable que est\u00e9 infectado por la hepatitis B. De hecho, se estima que el 5% de los pacientes con hepatitis b tienen tambi\u00e9n hepatitis D. Las v\u00edas de transmisi\u00f3n son las mismas que en la hepatitis B. <\/span><\/p>\n<p><span style=\"font-size: medium;\">La infecci\u00f3n simultanea de hepatitis B y D puede derivar en una hepatitis aguda, el paso de hepatitis leve a grave, incluso a fulminante. En estos casos la progresi\u00f3n hacia la cirrosis se puede acelerar considerablemente. De hecho los pacientes infectados a la vez con VHB y VHD pueden desarrollar estas dolencias hep\u00e1ticas 10 a\u00f1os antes que los solo infectados con el VHB.<\/span><\/p>\n<p><span style=\"font-size: medium;\"><b>Hepatitis E<\/b><\/span><\/p>\n<p><span style=\"font-size: medium;\">Es poco com\u00fan en Europa, se da principalmente en \u00c1frica y Asia, en tiempos de lluvia por la contaminaci\u00f3n de las aguas que luego se consumen. Los s\u00edntomas son los comunes a los otros tipos de hepatitis y la mortalidad es muy baja, no alcanzando el 5% salvo en embarazadas, sector de la poblaci\u00f3n en la que, por motivos a\u00fan sin determinar, alcanza el 20%.<\/span><\/p>\n<p><span style=\"font-size: medium;\"><b>Tratamientos contra la hepatitis<\/b><\/span><\/p>\n<p><span style=\"font-size: medium;\">La hepatitis A y E habitualmente no se tratan porque en la mayor\u00eda de los casos se curan por s\u00ed mismas, solo hay que seguir su evoluci\u00f3n para asegurarse de que no se cronifique o derive en cuadros m\u00e1s agresivos.<\/span><\/p>\n<p><span style=\"font-size: medium;\">Las hepatitis agudas s\u00ed tienen tratamiento, habitualmente f\u00e1rmacos antivirales como interfer\u00f3n o ribavirina. Las hepatitis autoinmunes se tratan con corticoides y en muchas ocasiones con f\u00e1rmacos inmunosupresores.<\/span><\/p>\n<p><span style=\"font-size: medium;\"><b>Vacunaci\u00f3n contra la hepatitis<\/b><\/span><\/p>\n<p><span style=\"font-size: medium;\">Actualmente existe vacunaci\u00f3n contra la hepatitis B, contemplada dentro del calendario de vacunaci\u00f3n de las CCAA. Tambi\u00e9n existe vacunaci\u00f3n para la hepatitis A aunque debido a su escasa incidencia y gravedad no suele aplicarse en los calendarios de vacunaci\u00f3n p\u00fablicos y actualmente solo est\u00e1 incluida en algunas comunidades como Catalu\u00f1a. <\/span><\/p>\n<p><span style=\"font-size: medium;\">Actualmente la mayor\u00eda de los seguros m\u00e9dicos cubrir\u00edan el seguimiento m\u00e9dico necesario en caso de cronificaci\u00f3n. Si tienes alguna consulta al respecto, no dudes en contactar con M\u00e1s que seguro para recibir asesoramiento. <\/span><\/p>\n<p>&nbsp;<\/p>\n","protected":false},"excerpt":{"rendered":"<p>Cada 28 de julio se celebra en todo el mundo [&hellip;]<\/p>\n","protected":false},"author":1,"featured_media":93,"comment_status":"open","ping_status":"open","sticky":false,"template":"","format":"standard","meta":[],"categories":[8],"tags":[],"yoast_head":"<!-- This site is optimized with the Yoast SEO plugin v19.9 - https:\/\/yoast.com\/wordpress\/plugins\/seo\/ -->\n<title>D\u00eda Mundial contra la Hepatitis | M\u00e1s Que Seguro<\/title>\n<meta name=\"robots\" content=\"index, follow, max-snippet:-1, max-image-preview:large, max-video-preview:-1\" \/>\n<link rel=\"canonical\" href=\"https:\/\/masqueseguro.es\/blog\/enfermedades\/dia-mundial-contra-la-hepatitis\/\" \/>\n<meta property=\"og:locale\" content=\"es_ES\" \/>\n<meta property=\"og:type\" content=\"article\" \/>\n<meta property=\"og:title\" content=\"D\u00eda Mundial contra la Hepatitis | M\u00e1s Que Seguro\" \/>\n<meta property=\"og:description\" content=\"Cada 28 de julio se celebra en todo el mundo [&hellip;]\" \/>\n<meta property=\"og:url\" content=\"https:\/\/masqueseguro.es\/blog\/enfermedades\/dia-mundial-contra-la-hepatitis\/\" \/>\n<meta property=\"og:site_name\" content=\"M&aacute;s que Seguro\" \/>\n<meta property=\"article:publisher\" content=\"https:\/\/www.facebook.com\/masqueseguro.es\" \/>\n<meta property=\"article:published_time\" content=\"2019-07-16T16:57:39+00:00\" \/>\n<meta property=\"article:modified_time\" content=\"2022-11-03T19:58:51+00:00\" \/>\n<meta property=\"og:image\" content=\"https:\/\/masqueseguro.es\/blog\/wp-content\/uploads\/2019\/07\/hepatitis2.jpg\" \/>\n\t<meta property=\"og:image:width\" content=\"690\" \/>\n\t<meta property=\"og:image:height\" content=\"401\" \/>\n\t<meta property=\"og:image:type\" content=\"image\/jpeg\" \/>\n<meta name=\"author\" content=\"MasQueSeguro\" \/>\n<meta name=\"twitter:card\" content=\"summary_large_image\" \/>\n<meta name=\"twitter:label1\" content=\"Escrito por\" \/>\n\t<meta name=\"twitter:data1\" content=\"MasQueSeguro\" \/>\n\t<meta name=\"twitter:label2\" content=\"Tiempo de lectura\" \/>\n\t<meta name=\"twitter:data2\" content=\"5 minutos\" \/>\n<script type=\"application\/ld+json\" class=\"yoast-schema-graph\">{\"@context\":\"https:\/\/schema.org\",\"@graph\":[{\"@type\":\"Article\",\"@id\":\"https:\/\/masqueseguro.es\/blog\/enfermedades\/dia-mundial-contra-la-hepatitis\/#article\",\"isPartOf\":{\"@id\":\"https:\/\/masqueseguro.es\/blog\/enfermedades\/dia-mundial-contra-la-hepatitis\/\"},\"author\":{\"name\":\"MasQueSeguro\",\"@id\":\"http:\/\/masqueseguro.es\/blog\/#\/schema\/person\/f9a2c808e321d7f923abec7187d38c22\"},\"headline\":\"D\u00eda Mundial contra la hepatitis\",\"datePublished\":\"2019-07-16T16:57:39+00:00\",\"dateModified\":\"2022-11-03T19:58:51+00:00\",\"mainEntityOfPage\":{\"@id\":\"https:\/\/masqueseguro.es\/blog\/enfermedades\/dia-mundial-contra-la-hepatitis\/\"},\"wordCount\":992,\"commentCount\":0,\"publisher\":{\"@id\":\"http:\/\/masqueseguro.es\/blog\/#organization\"},\"articleSection\":[\"Enfermedades\"],\"inLanguage\":\"es\",\"potentialAction\":[{\"@type\":\"CommentAction\",\"name\":\"Comment\",\"target\":[\"https:\/\/masqueseguro.es\/blog\/enfermedades\/dia-mundial-contra-la-hepatitis\/#respond\"]}]},{\"@type\":\"WebPage\",\"@id\":\"https:\/\/masqueseguro.es\/blog\/enfermedades\/dia-mundial-contra-la-hepatitis\/\",\"url\":\"https:\/\/masqueseguro.es\/blog\/enfermedades\/dia-mundial-contra-la-hepatitis\/\",\"name\":\"D\u00eda Mundial contra la Hepatitis | M\u00e1s Que Seguro\",\"isPartOf\":{\"@id\":\"http:\/\/masqueseguro.es\/blog\/#website\"},\"datePublished\":\"2019-07-16T16:57:39+00:00\",\"dateModified\":\"2022-11-03T19:58:51+00:00\",\"breadcrumb\":{\"@id\":\"https:\/\/masqueseguro.es\/blog\/enfermedades\/dia-mundial-contra-la-hepatitis\/#breadcrumb\"},\"inLanguage\":\"es\",\"potentialAction\":[{\"@type\":\"ReadAction\",\"target\":[\"https:\/\/masqueseguro.es\/blog\/enfermedades\/dia-mundial-contra-la-hepatitis\/\"]}]},{\"@type\":\"BreadcrumbList\",\"@id\":\"https:\/\/masqueseguro.es\/blog\/enfermedades\/dia-mundial-contra-la-hepatitis\/#breadcrumb\",\"itemListElement\":[{\"@type\":\"ListItem\",\"position\":1,\"name\":\"Portada\",\"item\":\"http:\/\/masqueseguro.es\/blog\/\"},{\"@type\":\"ListItem\",\"position\":2,\"name\":\"D\u00eda Mundial contra la hepatitis\"}]},{\"@type\":\"WebSite\",\"@id\":\"http:\/\/masqueseguro.es\/blog\/#website\",\"url\":\"http:\/\/masqueseguro.es\/blog\/\",\"name\":\"M&aacute;s que Seguro\",\"description\":\"Actualidad M&aacute;s que Seguro\",\"publisher\":{\"@id\":\"http:\/\/masqueseguro.es\/blog\/#organization\"},\"potentialAction\":[{\"@type\":\"SearchAction\",\"target\":{\"@type\":\"EntryPoint\",\"urlTemplate\":\"http:\/\/masqueseguro.es\/blog\/?s={search_term_string}\"},\"query-input\":\"required name=search_term_string\"}],\"inLanguage\":\"es\"},{\"@type\":\"Organization\",\"@id\":\"http:\/\/masqueseguro.es\/blog\/#organization\",\"name\":\"M\u00e1s que Seguro\",\"url\":\"http:\/\/masqueseguro.es\/blog\/\",\"logo\":{\"@type\":\"ImageObject\",\"inLanguage\":\"es\",\"@id\":\"http:\/\/masqueseguro.es\/blog\/#\/schema\/logo\/image\/\",\"url\":\"https:\/\/masqueseguro.es\/blog\/wp-content\/uploads\/2022\/11\/logo-combinado.png\",\"contentUrl\":\"https:\/\/masqueseguro.es\/blog\/wp-content\/uploads\/2022\/11\/logo-combinado.png\",\"width\":278,\"height\":50,\"caption\":\"M\u00e1s que Seguro\"},\"image\":{\"@id\":\"http:\/\/masqueseguro.es\/blog\/#\/schema\/logo\/image\/\"},\"sameAs\":[\"https:\/\/www.facebook.com\/masqueseguro.es\"]},{\"@type\":\"Person\",\"@id\":\"http:\/\/masqueseguro.es\/blog\/#\/schema\/person\/f9a2c808e321d7f923abec7187d38c22\",\"name\":\"MasQueSeguro\",\"image\":{\"@type\":\"ImageObject\",\"inLanguage\":\"es\",\"@id\":\"http:\/\/masqueseguro.es\/blog\/#\/schema\/person\/image\/\",\"url\":\"https:\/\/secure.gravatar.com\/avatar\/61c067d118519e691a5577cdd441976d?s=96&d=mm&r=g\",\"contentUrl\":\"https:\/\/secure.gravatar.com\/avatar\/61c067d118519e691a5577cdd441976d?s=96&d=mm&r=g\",\"caption\":\"MasQueSeguro\"},\"url\":\"https:\/\/masqueseguro.es\/blog\/author\/admin\/\"}]}<\/script>\n<!-- \/ Yoast SEO plugin. -->","yoast_head_json":{"title":"D\u00eda Mundial contra la Hepatitis | M\u00e1s Que Seguro","robots":{"index":"index","follow":"follow","max-snippet":"max-snippet:-1","max-image-preview":"max-image-preview:large","max-video-preview":"max-video-preview:-1"},"canonical":"https:\/\/masqueseguro.es\/blog\/enfermedades\/dia-mundial-contra-la-hepatitis\/","og_locale":"es_ES","og_type":"article","og_title":"D\u00eda Mundial contra la Hepatitis | M\u00e1s Que Seguro","og_description":"Cada 28 de julio se celebra en todo el mundo [&hellip;]","og_url":"https:\/\/masqueseguro.es\/blog\/enfermedades\/dia-mundial-contra-la-hepatitis\/","og_site_name":"M&aacute;s que Seguro","article_publisher":"https:\/\/www.facebook.com\/masqueseguro.es","article_published_time":"2019-07-16T16:57:39+00:00","article_modified_time":"2022-11-03T19:58:51+00:00","og_image":[{"width":690,"height":401,"url":"https:\/\/masqueseguro.es\/blog\/wp-content\/uploads\/2019\/07\/hepatitis2.jpg","type":"image\/jpeg"}],"author":"MasQueSeguro","twitter_card":"summary_large_image","twitter_misc":{"Escrito por":"MasQueSeguro","Tiempo de lectura":"5 minutos"},"schema":{"@context":"https:\/\/schema.org","@graph":[{"@type":"Article","@id":"https:\/\/masqueseguro.es\/blog\/enfermedades\/dia-mundial-contra-la-hepatitis\/#article","isPartOf":{"@id":"https:\/\/masqueseguro.es\/blog\/enfermedades\/dia-mundial-contra-la-hepatitis\/"},"author":{"name":"MasQueSeguro","@id":"http:\/\/masqueseguro.es\/blog\/#\/schema\/person\/f9a2c808e321d7f923abec7187d38c22"},"headline":"D\u00eda Mundial contra la hepatitis","datePublished":"2019-07-16T16:57:39+00:00","dateModified":"2022-11-03T19:58:51+00:00","mainEntityOfPage":{"@id":"https:\/\/masqueseguro.es\/blog\/enfermedades\/dia-mundial-contra-la-hepatitis\/"},"wordCount":992,"commentCount":0,"publisher":{"@id":"http:\/\/masqueseguro.es\/blog\/#organization"},"articleSection":["Enfermedades"],"inLanguage":"es","potentialAction":[{"@type":"CommentAction","name":"Comment","target":["https:\/\/masqueseguro.es\/blog\/enfermedades\/dia-mundial-contra-la-hepatitis\/#respond"]}]},{"@type":"WebPage","@id":"https:\/\/masqueseguro.es\/blog\/enfermedades\/dia-mundial-contra-la-hepatitis\/","url":"https:\/\/masqueseguro.es\/blog\/enfermedades\/dia-mundial-contra-la-hepatitis\/","name":"D\u00eda Mundial contra la Hepatitis | M\u00e1s Que Seguro","isPartOf":{"@id":"http:\/\/masqueseguro.es\/blog\/#website"},"datePublished":"2019-07-16T16:57:39+00:00","dateModified":"2022-11-03T19:58:51+00:00","breadcrumb":{"@id":"https:\/\/masqueseguro.es\/blog\/enfermedades\/dia-mundial-contra-la-hepatitis\/#breadcrumb"},"inLanguage":"es","potentialAction":[{"@type":"ReadAction","target":["https:\/\/masqueseguro.es\/blog\/enfermedades\/dia-mundial-contra-la-hepatitis\/"]}]},{"@type":"BreadcrumbList","@id":"https:\/\/masqueseguro.es\/blog\/enfermedades\/dia-mundial-contra-la-hepatitis\/#breadcrumb","itemListElement":[{"@type":"ListItem","position":1,"name":"Portada","item":"http:\/\/masqueseguro.es\/blog\/"},{"@type":"ListItem","position":2,"name":"D\u00eda Mundial contra la hepatitis"}]},{"@type":"WebSite","@id":"http:\/\/masqueseguro.es\/blog\/#website","url":"http:\/\/masqueseguro.es\/blog\/","name":"M&aacute;s que Seguro","description":"Actualidad M&aacute;s que Seguro","publisher":{"@id":"http:\/\/masqueseguro.es\/blog\/#organization"},"potentialAction":[{"@type":"SearchAction","target":{"@type":"EntryPoint","urlTemplate":"http:\/\/masqueseguro.es\/blog\/?s={search_term_string}"},"query-input":"required name=search_term_string"}],"inLanguage":"es"},{"@type":"Organization","@id":"http:\/\/masqueseguro.es\/blog\/#organization","name":"M\u00e1s que Seguro","url":"http:\/\/masqueseguro.es\/blog\/","logo":{"@type":"ImageObject","inLanguage":"es","@id":"http:\/\/masqueseguro.es\/blog\/#\/schema\/logo\/image\/","url":"https:\/\/masqueseguro.es\/blog\/wp-content\/uploads\/2022\/11\/logo-combinado.png","contentUrl":"https:\/\/masqueseguro.es\/blog\/wp-content\/uploads\/2022\/11\/logo-combinado.png","width":278,"height":50,"caption":"M\u00e1s que Seguro"},"image":{"@id":"http:\/\/masqueseguro.es\/blog\/#\/schema\/logo\/image\/"},"sameAs":["https:\/\/www.facebook.com\/masqueseguro.es"]},{"@type":"Person","@id":"http:\/\/masqueseguro.es\/blog\/#\/schema\/person\/f9a2c808e321d7f923abec7187d38c22","name":"MasQueSeguro","image":{"@type":"ImageObject","inLanguage":"es","@id":"http:\/\/masqueseguro.es\/blog\/#\/schema\/person\/image\/","url":"https:\/\/secure.gravatar.com\/avatar\/61c067d118519e691a5577cdd441976d?s=96&d=mm&r=g","contentUrl":"https:\/\/secure.gravatar.com\/avatar\/61c067d118519e691a5577cdd441976d?s=96&d=mm&r=g","caption":"MasQueSeguro"},"url":"https:\/\/masqueseguro.es\/blog\/author\/admin\/"}]}},"_links":{"self":[{"href":"https:\/\/masqueseguro.es\/blog\/wp-json\/wp\/v2\/posts\/92"}],"collection":[{"href":"https:\/\/masqueseguro.es\/blog\/wp-json\/wp\/v2\/posts"}],"about":[{"href":"https:\/\/masqueseguro.es\/blog\/wp-json\/wp\/v2\/types\/post"}],"author":[{"embeddable":true,"href":"https:\/\/masqueseguro.es\/blog\/wp-json\/wp\/v2\/users\/1"}],"replies":[{"embeddable":true,"href":"https:\/\/masqueseguro.es\/blog\/wp-json\/wp\/v2\/comments?post=92"}],"version-history":[{"count":1,"href":"https:\/\/masqueseguro.es\/blog\/wp-json\/wp\/v2\/posts\/92\/revisions"}],"predecessor-version":[{"id":94,"href":"https:\/\/masqueseguro.es\/blog\/wp-json\/wp\/v2\/posts\/92\/revisions\/94"}],"wp:featuredmedia":[{"embeddable":true,"href":"https:\/\/masqueseguro.es\/blog\/wp-json\/wp\/v2\/media\/93"}],"wp:attachment":[{"href":"https:\/\/masqueseguro.es\/blog\/wp-json\/wp\/v2\/media?parent=92"}],"wp:term":[{"taxonomy":"category","embeddable":true,"href":"https:\/\/masqueseguro.es\/blog\/wp-json\/wp\/v2\/categories?post=92"},{"taxonomy":"post_tag","embeddable":true,"href":"https:\/\/masqueseguro.es\/blog\/wp-json\/wp\/v2\/tags?post=92"}],"curies":[{"name":"wp","href":"https:\/\/api.w.org\/{rel}","templated":true}]}}