{"id":89,"date":"2019-07-16T16:56:36","date_gmt":"2019-07-16T16:56:36","guid":{"rendered":"http:\/\/masqueseguro.es\/blog\/?p=89"},"modified":"2022-11-03T19:55:05","modified_gmt":"2022-11-03T19:55:05","slug":"el-peligro-de-la-deshidratacion-en-verano","status":"publish","type":"post","link":"https:\/\/masqueseguro.es\/blog\/salud-y-bienestar\/el-peligro-de-la-deshidratacion-en-verano\/","title":{"rendered":"El peligro de la deshidrataci\u00f3n en verano"},"content":{"rendered":"<p><span style=\"font-size: medium;\">Estamos en pleno verano, la estaci\u00f3n meteorol\u00f3gicamente m\u00e1s c\u00e1lida en nuestro pa\u00eds y en la que estamos m\u00e1s expuestos ante la radiaci\u00f3n del sol, no solo porque pasamos menos tiempo trabajando, entre horarios adaptados y vacaciones, si no porque este tiene m\u00e1s presencia horaria que nunca a lo largo de los d\u00edas. <\/span><\/p>\n<p><span style=\"font-size: medium;\">Estas condiciones climatol\u00f3gicas hacen que mantenerse hidratado tenga m\u00e1s importancia que nunca en verano. Nuestro cuerpo est\u00e1 compuesto al 65% de agua, que son parte de cada c\u00e9lula de nuestro organismo, que la necesitan para vivir y poder cumplir sus funciones. <\/span><\/p>\n<p><span style=\"font-size: medium;\">Esta p\u00e9rdida de l\u00edquido es natural, y se debe compensar con ingesta suficiente de agua, si no correremos el peligro de sufrir de deshidrataci\u00f3n. <\/span><\/p>\n<p><span style=\"font-size: medium;\"><b>\u00bfC\u00f3mo pierde l\u00edquido el cuerpo humano?<\/b><\/span><\/p>\n<p><span style=\"font-size: medium;\">La p\u00e9rdida de l\u00edquido es un proceso natural de nuestro cuerpo, nada que suponga un riesgo para nuestra salud si lo rehidratamos continuamente. Cada d\u00eda el cuerpo pierde agua de manera natural a trav\u00e9s de tres procesos:<\/span><\/p>\n<p><span style=\"font-size: medium;\"><b>La respiraci\u00f3n. <\/b><\/span><span style=\"font-size: medium;\">Nuestra respiraci\u00f3n supone una p\u00e9rdida diaria de agua, saturada en vapor de agua, de entre 2050 y 250 mililitros si hablamos de una persona sedentaria y entre 500 y 600 si hablamos de alguien f\u00edsicamente activo <\/span><\/p>\n<p><span style=\"font-size: medium;\"><b>La excreci\u00f3n. <\/b><\/span><span style=\"font-size: medium;\">Los procesos de excreci\u00f3n, orinar y defecar, suponen una expulsi\u00f3n de agua. De hecho, la orina y las heces suponen nuestra mayor p\u00e9rdida de l\u00edquido del d\u00eda a d\u00eda, entre 1,5 y 2 litros de agua. <\/span><\/p>\n<p><span style=\"font-size: medium;\"><b>La sudoraci\u00f3n. <\/b><\/span><span style=\"font-size: medium;\">La sudoraci\u00f3n es el proceso de p\u00e9rdida de agua con m\u00e1s protagonismo en verano, debido a las altas temperaturas. El sudor sirve para regular la temperatura corporal, ya que la evaporaci\u00f3n de liquido a trav\u00e9s de la piel ayuda a reducir esta temperatura. Este es el motivo por el que sudamos m\u00e1s cuando hace m\u00e1s calor. A trav\u00e9s de la sudoraci\u00f3n perdemos una media de 1,5 litros de agua diarios, que puede ser m\u00e1s en momentos de muy altas temperaturas.<\/span><\/p>\n<p><span style=\"font-size: medium;\">Estos son las v\u00edas de p\u00e9rdida de l\u00edquido del cuerpo, un l\u00edquido que se repone a trav\u00e9s del agua que ingiramos, ya sea de manera directa, consumiendo agua, o de manera indirecta, a trav\u00e9s de alimentos que sean ricos en ella como las frutas y verduras. No hacerlo desembocar\u00eda en un proceso de deshidrataci\u00f3n que puede tener peligrosas consecuencias<\/span><\/p>\n<p><span style=\"font-size: medium;\"><b>Qu\u00e9 es la deshidrataci\u00f3n<\/b><\/span><\/p>\n<p><span style=\"font-size: medium;\">Como hemos comentado anteriormente, el proceso por el que el cuerpo pierde agua es algo natural que sucede cada d\u00eda y que no debe suponer ning\u00fan problema siempre y cuando repongamos esta agua expulsada. <\/span><\/p>\n<p><span style=\"font-size: medium;\">El problema que se puede dar en verano es que expulsemos m\u00e1s agua de lo habitual, sobre todo a trav\u00e9s de la sudoraci\u00f3n, y que mantengamos nuestro nivel habitual de consumo de agua, no compensando la mayor cantidad de agua que expulsamos y produci\u00e9ndose la deshidrataci\u00f3n. <\/span><\/p>\n<p><span style=\"font-size: medium;\">La deshidrataci\u00f3n puede tener consecuencias fatales para el cuerpo, en especial en lo que est\u00e1 relacionado con la sudoraci\u00f3n. Cuando aumenta la temperatura de nuestro cuerpo, se dispara la sudoraci\u00f3n para regular esta temperatura, pero para que esta sudoraci\u00f3n se pueda producir el cuerpo tiene que estar lo suficientemente hidratado. <\/span><\/p>\n<p><span style=\"font-size: medium;\">Si nuestro organismo no tiene el suficiente l\u00edquido para expulsar en este proceso, el cuerpo comenzar\u00e1 a calentarse. De continuar la exposici\u00f3n del cuerpo a esta alta temperatura sin la posibilidad de regularse mediante el sudor, el cuerpo comenzar\u00e1 a notar los efectos. <\/span><\/p>\n<p><span style=\"font-size: medium;\"><b>Efectos de la deshidrataci\u00f3n en nuestro cuerpo<\/b><\/span><\/p>\n<p><span style=\"font-size: medium;\">En primer lugar, notaremos la boca y la lengua secas, lo que derivar\u00e1 en una sensaci\u00f3n de fatiga, que poco a poco se convertir\u00e1 en malestar general acompa\u00f1ada de mareos. Si el calentamiento del cuerpo se prolonga, aparecer\u00e1n confusi\u00f3n, dolores de cabeza, y desmayos. En el m\u00e1s extremo de los casos, una deshidrataci\u00f3n excesiva y un aumento de temperatura del cuerpo puede desembocar en el fallecimiento. <\/span><\/p>\n<p><span style=\"font-size: medium;\"><b>C\u00f3mo estar seguros de que estamos bien hidratados<\/b><\/span><\/p>\n<p><span style=\"font-size: medium;\">Puede que nuestro cuerpo no est\u00e9 bien hidratado y que no lo notemos hasta vernos expuestos a unas temperaturas que obliguen a la sudoraci\u00f3n y desencadenen los s\u00edntomas f\u00edsicos que hemos visto anteriormente. <\/span><\/p>\n<p><span style=\"font-size: medium;\">Hay varios indicativos previos que nos pueden suponer una se\u00f1al de alarma para darnos cuenta de que no estamos bien hidratados:<\/span><\/p>\n<ul>\n<li><span style=\"font-size: medium;\"><b>La frecuencia de la orina. <\/b><\/span><span style=\"font-size: medium;\">La orina es uno de los principales indicativos de nuestro nivel de hidrataci\u00f3n. Una persona bien hidratada tiene necesidad de orinar entre cuatro y siete veces al d\u00eda, dependiendo tambi\u00e9n de otros factores. <\/span><\/li>\n<li><span style=\"font-size: medium;\"><b>El color de la orina. <\/b><\/span><span style=\"font-size: medium;\">Otro indicativo sobre la hidrataci\u00f3n relacionado con nuestra orina es su color. En t\u00e9rminos generales, una orina clara ser\u00e1 indicativo de estar bien hidratado, mientras que una oscura e incluso turbia ser\u00e1 en muchas ocasiones indicativo de que no estamos bebiendo suficiente agua. <\/span><\/li>\n<li><span style=\"font-size: medium;\"><b>La piel. <\/b><\/span><span style=\"font-size: medium;\">La piel es el \u00f3rgano m\u00e1s grande del cuerpo humano y reflejo de la hidrataci\u00f3n de nuestro cuerpo. Una piel que luzca brillante y viva es reflejo de una hidrataci\u00f3n adecuada, mientras que una piel seca y apagada ser\u00e1 indicativo de que nos falta agua. <\/span><\/li>\n<li><span style=\"font-size: medium;\"><b>Estado de \u00e1nimo. <\/b><\/span><span style=\"font-size: medium;\">Nuestro cerebro tambi\u00e9n se ve afectado por la deshidrataci\u00f3n, algo normal considerando que cerca de las cuarenta mil millones de c\u00e9lulas cerebrales que lo componen est\u00e1n formadas en un 70% por agua. Su escasez desembocar\u00e1 en que pensemos de manera menos clara, estemos m\u00e1s irritables e incluso en los casos m\u00e1s extremos padezcamos de depresi\u00f3n. <\/span><\/li>\n<\/ul>\n<p><span style=\"font-size: medium;\"><b>C\u00f3mo mantenernos bien hidratados <\/b><\/span><\/p>\n<p><span style=\"font-size: medium;\">Para evitar los problemas que pueden derivar de una deshidrataci\u00f3n severa hay que asegurarse de mantener nuestro cuerpo bien hidratado, algo especialmente importante en verano. Para hacerlo, te dejamos los siguientes consejos.<\/span><\/p>\n<ul>\n<li><span style=\"font-size: medium;\"><b>Bebe suficiente agua. <\/b><\/span><span style=\"font-size: medium;\">Se recomienda un consumo medio de unos dos litros de agua al d\u00eda, equivalente a unos 8 vasos, aunque en verano este consumo suele ser superior, siendo recomendable subir la dosis hasta los tres. <\/span><\/li>\n<li><span style=\"font-size: medium;\"><b>Hidr\u00e1tate con alimentos.<\/b><\/span><span style=\"font-size: medium;\"> La ingesta directa de agua no es la \u00fanica forma de hidratarse. La alternativa evidente es consumir otro tipo de l\u00edquidos, como zumos o refrescos. Pero adem\u00e1s hay alimentos que contienen gran cantidad de agua, como puede ser la fruta, con ejemplos como la sand\u00eda o el mel\u00f3n. Recuerda que las bebidas alcoh\u00f3licas son enga\u00f1osas, porque aunque se sirvan fr\u00edas, el alcohol tiene efecto deshidratante.<\/span><\/li>\n<li><span style=\"font-size: medium;\"><b>Evita salir en las horas centrales del d\u00eda.<\/b><\/span><span style=\"font-size: medium;\"> En verano en especial, es recomendable limitar la actividad en exteriores en las horas centrales del d\u00eda, donde el sol aprieta con m\u00e1s fuerza. Si no podemos evitarlo, hay que procurar tener una fuente de hidrataci\u00f3n a mano, as\u00ed como cubrirse la cabeza para protegerla del impacto directo del sol.<\/span><\/li>\n<li><span style=\"font-size: medium;\"><b>El deporte, a principio o al final del d\u00eda.<\/b><\/span><span style=\"font-size: medium;\"> Recogiendo lo explicado en el punto anterior, si practicas deporte al aire libre hazlo a principio o al final del d\u00eda. Al hacerlo por la ma\u00f1ana nos encontraremos temperaturas m\u00e1s bajas heredadas de la noche; si optamos por esperar a bien entrada la tarde, har\u00e1 m\u00e1s calor, pero menos sol.<\/span><\/li>\n<\/ul>\n<p><span style=\"font-size: medium;\">Desde M\u00e1s que Seguro queremos concienciar de la importancia de hidratarse en verano. Puede parecer algo obvio y sin importancia, pero en cada \u00e9poca estival somos testigos de muchos incidentes que se podr\u00edan evitar con algo tan sencillo como hidratarse adecuadamente. Sigue nuestros consejos y disfruta de un gran verano.<\/span><\/p>\n","protected":false},"excerpt":{"rendered":"<p>Estamos en pleno verano, la estaci\u00f3n meteorol\u00f3gicamente m\u00e1s c\u00e1lida en [&hellip;]<\/p>\n","protected":false},"author":1,"featured_media":90,"comment_status":"open","ping_status":"open","sticky":false,"template":"","format":"standard","meta":[],"categories":[4],"tags":[],"yoast_head":"<!-- This site is optimized with the Yoast SEO plugin v19.9 - https:\/\/yoast.com\/wordpress\/plugins\/seo\/ -->\n<title>\u00a1Previene la deshidrataci\u00f3n durante el verano! | M\u00e1s Que Seguro<\/title>\n<meta name=\"robots\" content=\"index, follow, max-snippet:-1, max-image-preview:large, max-video-preview:-1\" \/>\n<link rel=\"canonical\" href=\"https:\/\/masqueseguro.es\/blog\/salud-y-bienestar\/el-peligro-de-la-deshidratacion-en-verano\/\" \/>\n<meta property=\"og:locale\" content=\"es_ES\" \/>\n<meta property=\"og:type\" content=\"article\" \/>\n<meta property=\"og:title\" content=\"\u00a1Previene la deshidrataci\u00f3n durante el verano! | M\u00e1s Que Seguro\" \/>\n<meta property=\"og:description\" content=\"Estamos en pleno verano, la estaci\u00f3n meteorol\u00f3gicamente m\u00e1s c\u00e1lida en [&hellip;]\" \/>\n<meta property=\"og:url\" content=\"https:\/\/masqueseguro.es\/blog\/salud-y-bienestar\/el-peligro-de-la-deshidratacion-en-verano\/\" \/>\n<meta property=\"og:site_name\" content=\"M&aacute;s que Seguro\" \/>\n<meta property=\"article:publisher\" content=\"https:\/\/www.facebook.com\/masqueseguro.es\" \/>\n<meta property=\"article:published_time\" content=\"2019-07-16T16:56:36+00:00\" \/>\n<meta property=\"article:modified_time\" content=\"2022-11-03T19:55:05+00:00\" \/>\n<meta property=\"og:image\" content=\"https:\/\/masqueseguro.es\/blog\/wp-content\/uploads\/2019\/07\/hidrataci\u00f3n-en-verano.jpg\" \/>\n\t<meta property=\"og:image:width\" content=\"1920\" \/>\n\t<meta property=\"og:image:height\" content=\"1280\" \/>\n\t<meta property=\"og:image:type\" content=\"image\/jpeg\" \/>\n<meta name=\"author\" content=\"MasQueSeguro\" \/>\n<meta name=\"twitter:card\" content=\"summary_large_image\" \/>\n<meta name=\"twitter:label1\" content=\"Escrito por\" \/>\n\t<meta name=\"twitter:data1\" content=\"MasQueSeguro\" \/>\n\t<meta name=\"twitter:label2\" content=\"Tiempo de lectura\" \/>\n\t<meta name=\"twitter:data2\" content=\"6 minutos\" \/>\n<script type=\"application\/ld+json\" class=\"yoast-schema-graph\">{\"@context\":\"https:\/\/schema.org\",\"@graph\":[{\"@type\":\"Article\",\"@id\":\"https:\/\/masqueseguro.es\/blog\/salud-y-bienestar\/el-peligro-de-la-deshidratacion-en-verano\/#article\",\"isPartOf\":{\"@id\":\"https:\/\/masqueseguro.es\/blog\/salud-y-bienestar\/el-peligro-de-la-deshidratacion-en-verano\/\"},\"author\":{\"name\":\"MasQueSeguro\",\"@id\":\"http:\/\/masqueseguro.es\/blog\/#\/schema\/person\/f9a2c808e321d7f923abec7187d38c22\"},\"headline\":\"El peligro de la deshidrataci\u00f3n en verano\",\"datePublished\":\"2019-07-16T16:56:36+00:00\",\"dateModified\":\"2022-11-03T19:55:05+00:00\",\"mainEntityOfPage\":{\"@id\":\"https:\/\/masqueseguro.es\/blog\/salud-y-bienestar\/el-peligro-de-la-deshidratacion-en-verano\/\"},\"wordCount\":1300,\"commentCount\":0,\"publisher\":{\"@id\":\"http:\/\/masqueseguro.es\/blog\/#organization\"},\"articleSection\":[\"Salud y Bienestar\"],\"inLanguage\":\"es\",\"potentialAction\":[{\"@type\":\"CommentAction\",\"name\":\"Comment\",\"target\":[\"https:\/\/masqueseguro.es\/blog\/salud-y-bienestar\/el-peligro-de-la-deshidratacion-en-verano\/#respond\"]}]},{\"@type\":\"WebPage\",\"@id\":\"https:\/\/masqueseguro.es\/blog\/salud-y-bienestar\/el-peligro-de-la-deshidratacion-en-verano\/\",\"url\":\"https:\/\/masqueseguro.es\/blog\/salud-y-bienestar\/el-peligro-de-la-deshidratacion-en-verano\/\",\"name\":\"\u00a1Previene la deshidrataci\u00f3n durante el verano! | M\u00e1s Que Seguro\",\"isPartOf\":{\"@id\":\"http:\/\/masqueseguro.es\/blog\/#website\"},\"datePublished\":\"2019-07-16T16:56:36+00:00\",\"dateModified\":\"2022-11-03T19:55:05+00:00\",\"breadcrumb\":{\"@id\":\"https:\/\/masqueseguro.es\/blog\/salud-y-bienestar\/el-peligro-de-la-deshidratacion-en-verano\/#breadcrumb\"},\"inLanguage\":\"es\",\"potentialAction\":[{\"@type\":\"ReadAction\",\"target\":[\"https:\/\/masqueseguro.es\/blog\/salud-y-bienestar\/el-peligro-de-la-deshidratacion-en-verano\/\"]}]},{\"@type\":\"BreadcrumbList\",\"@id\":\"https:\/\/masqueseguro.es\/blog\/salud-y-bienestar\/el-peligro-de-la-deshidratacion-en-verano\/#breadcrumb\",\"itemListElement\":[{\"@type\":\"ListItem\",\"position\":1,\"name\":\"Portada\",\"item\":\"http:\/\/masqueseguro.es\/blog\/\"},{\"@type\":\"ListItem\",\"position\":2,\"name\":\"El peligro de la deshidrataci\u00f3n en verano\"}]},{\"@type\":\"WebSite\",\"@id\":\"http:\/\/masqueseguro.es\/blog\/#website\",\"url\":\"http:\/\/masqueseguro.es\/blog\/\",\"name\":\"M&aacute;s que Seguro\",\"description\":\"Actualidad M&aacute;s que Seguro\",\"publisher\":{\"@id\":\"http:\/\/masqueseguro.es\/blog\/#organization\"},\"potentialAction\":[{\"@type\":\"SearchAction\",\"target\":{\"@type\":\"EntryPoint\",\"urlTemplate\":\"http:\/\/masqueseguro.es\/blog\/?s={search_term_string}\"},\"query-input\":\"required name=search_term_string\"}],\"inLanguage\":\"es\"},{\"@type\":\"Organization\",\"@id\":\"http:\/\/masqueseguro.es\/blog\/#organization\",\"name\":\"M\u00e1s que Seguro\",\"url\":\"http:\/\/masqueseguro.es\/blog\/\",\"logo\":{\"@type\":\"ImageObject\",\"inLanguage\":\"es\",\"@id\":\"http:\/\/masqueseguro.es\/blog\/#\/schema\/logo\/image\/\",\"url\":\"https:\/\/masqueseguro.es\/blog\/wp-content\/uploads\/2022\/11\/logo-combinado.png\",\"contentUrl\":\"https:\/\/masqueseguro.es\/blog\/wp-content\/uploads\/2022\/11\/logo-combinado.png\",\"width\":278,\"height\":50,\"caption\":\"M\u00e1s que Seguro\"},\"image\":{\"@id\":\"http:\/\/masqueseguro.es\/blog\/#\/schema\/logo\/image\/\"},\"sameAs\":[\"https:\/\/www.facebook.com\/masqueseguro.es\"]},{\"@type\":\"Person\",\"@id\":\"http:\/\/masqueseguro.es\/blog\/#\/schema\/person\/f9a2c808e321d7f923abec7187d38c22\",\"name\":\"MasQueSeguro\",\"image\":{\"@type\":\"ImageObject\",\"inLanguage\":\"es\",\"@id\":\"http:\/\/masqueseguro.es\/blog\/#\/schema\/person\/image\/\",\"url\":\"https:\/\/secure.gravatar.com\/avatar\/61c067d118519e691a5577cdd441976d?s=96&d=mm&r=g\",\"contentUrl\":\"https:\/\/secure.gravatar.com\/avatar\/61c067d118519e691a5577cdd441976d?s=96&d=mm&r=g\",\"caption\":\"MasQueSeguro\"},\"url\":\"https:\/\/masqueseguro.es\/blog\/author\/admin\/\"}]}<\/script>\n<!-- \/ Yoast SEO plugin. -->","yoast_head_json":{"title":"\u00a1Previene la deshidrataci\u00f3n durante el verano! | M\u00e1s Que Seguro","robots":{"index":"index","follow":"follow","max-snippet":"max-snippet:-1","max-image-preview":"max-image-preview:large","max-video-preview":"max-video-preview:-1"},"canonical":"https:\/\/masqueseguro.es\/blog\/salud-y-bienestar\/el-peligro-de-la-deshidratacion-en-verano\/","og_locale":"es_ES","og_type":"article","og_title":"\u00a1Previene la deshidrataci\u00f3n durante el verano! | M\u00e1s Que Seguro","og_description":"Estamos en pleno verano, la estaci\u00f3n meteorol\u00f3gicamente m\u00e1s c\u00e1lida en [&hellip;]","og_url":"https:\/\/masqueseguro.es\/blog\/salud-y-bienestar\/el-peligro-de-la-deshidratacion-en-verano\/","og_site_name":"M&aacute;s que Seguro","article_publisher":"https:\/\/www.facebook.com\/masqueseguro.es","article_published_time":"2019-07-16T16:56:36+00:00","article_modified_time":"2022-11-03T19:55:05+00:00","og_image":[{"width":1920,"height":1280,"url":"https:\/\/masqueseguro.es\/blog\/wp-content\/uploads\/2019\/07\/hidrataci\u00f3n-en-verano.jpg","type":"image\/jpeg"}],"author":"MasQueSeguro","twitter_card":"summary_large_image","twitter_misc":{"Escrito por":"MasQueSeguro","Tiempo de lectura":"6 minutos"},"schema":{"@context":"https:\/\/schema.org","@graph":[{"@type":"Article","@id":"https:\/\/masqueseguro.es\/blog\/salud-y-bienestar\/el-peligro-de-la-deshidratacion-en-verano\/#article","isPartOf":{"@id":"https:\/\/masqueseguro.es\/blog\/salud-y-bienestar\/el-peligro-de-la-deshidratacion-en-verano\/"},"author":{"name":"MasQueSeguro","@id":"http:\/\/masqueseguro.es\/blog\/#\/schema\/person\/f9a2c808e321d7f923abec7187d38c22"},"headline":"El peligro de la deshidrataci\u00f3n en verano","datePublished":"2019-07-16T16:56:36+00:00","dateModified":"2022-11-03T19:55:05+00:00","mainEntityOfPage":{"@id":"https:\/\/masqueseguro.es\/blog\/salud-y-bienestar\/el-peligro-de-la-deshidratacion-en-verano\/"},"wordCount":1300,"commentCount":0,"publisher":{"@id":"http:\/\/masqueseguro.es\/blog\/#organization"},"articleSection":["Salud y Bienestar"],"inLanguage":"es","potentialAction":[{"@type":"CommentAction","name":"Comment","target":["https:\/\/masqueseguro.es\/blog\/salud-y-bienestar\/el-peligro-de-la-deshidratacion-en-verano\/#respond"]}]},{"@type":"WebPage","@id":"https:\/\/masqueseguro.es\/blog\/salud-y-bienestar\/el-peligro-de-la-deshidratacion-en-verano\/","url":"https:\/\/masqueseguro.es\/blog\/salud-y-bienestar\/el-peligro-de-la-deshidratacion-en-verano\/","name":"\u00a1Previene la deshidrataci\u00f3n durante el verano! | M\u00e1s Que Seguro","isPartOf":{"@id":"http:\/\/masqueseguro.es\/blog\/#website"},"datePublished":"2019-07-16T16:56:36+00:00","dateModified":"2022-11-03T19:55:05+00:00","breadcrumb":{"@id":"https:\/\/masqueseguro.es\/blog\/salud-y-bienestar\/el-peligro-de-la-deshidratacion-en-verano\/#breadcrumb"},"inLanguage":"es","potentialAction":[{"@type":"ReadAction","target":["https:\/\/masqueseguro.es\/blog\/salud-y-bienestar\/el-peligro-de-la-deshidratacion-en-verano\/"]}]},{"@type":"BreadcrumbList","@id":"https:\/\/masqueseguro.es\/blog\/salud-y-bienestar\/el-peligro-de-la-deshidratacion-en-verano\/#breadcrumb","itemListElement":[{"@type":"ListItem","position":1,"name":"Portada","item":"http:\/\/masqueseguro.es\/blog\/"},{"@type":"ListItem","position":2,"name":"El peligro de la deshidrataci\u00f3n en verano"}]},{"@type":"WebSite","@id":"http:\/\/masqueseguro.es\/blog\/#website","url":"http:\/\/masqueseguro.es\/blog\/","name":"M&aacute;s que Seguro","description":"Actualidad M&aacute;s que Seguro","publisher":{"@id":"http:\/\/masqueseguro.es\/blog\/#organization"},"potentialAction":[{"@type":"SearchAction","target":{"@type":"EntryPoint","urlTemplate":"http:\/\/masqueseguro.es\/blog\/?s={search_term_string}"},"query-input":"required name=search_term_string"}],"inLanguage":"es"},{"@type":"Organization","@id":"http:\/\/masqueseguro.es\/blog\/#organization","name":"M\u00e1s que Seguro","url":"http:\/\/masqueseguro.es\/blog\/","logo":{"@type":"ImageObject","inLanguage":"es","@id":"http:\/\/masqueseguro.es\/blog\/#\/schema\/logo\/image\/","url":"https:\/\/masqueseguro.es\/blog\/wp-content\/uploads\/2022\/11\/logo-combinado.png","contentUrl":"https:\/\/masqueseguro.es\/blog\/wp-content\/uploads\/2022\/11\/logo-combinado.png","width":278,"height":50,"caption":"M\u00e1s que Seguro"},"image":{"@id":"http:\/\/masqueseguro.es\/blog\/#\/schema\/logo\/image\/"},"sameAs":["https:\/\/www.facebook.com\/masqueseguro.es"]},{"@type":"Person","@id":"http:\/\/masqueseguro.es\/blog\/#\/schema\/person\/f9a2c808e321d7f923abec7187d38c22","name":"MasQueSeguro","image":{"@type":"ImageObject","inLanguage":"es","@id":"http:\/\/masqueseguro.es\/blog\/#\/schema\/person\/image\/","url":"https:\/\/secure.gravatar.com\/avatar\/61c067d118519e691a5577cdd441976d?s=96&d=mm&r=g","contentUrl":"https:\/\/secure.gravatar.com\/avatar\/61c067d118519e691a5577cdd441976d?s=96&d=mm&r=g","caption":"MasQueSeguro"},"url":"https:\/\/masqueseguro.es\/blog\/author\/admin\/"}]}},"_links":{"self":[{"href":"https:\/\/masqueseguro.es\/blog\/wp-json\/wp\/v2\/posts\/89"}],"collection":[{"href":"https:\/\/masqueseguro.es\/blog\/wp-json\/wp\/v2\/posts"}],"about":[{"href":"https:\/\/masqueseguro.es\/blog\/wp-json\/wp\/v2\/types\/post"}],"author":[{"embeddable":true,"href":"https:\/\/masqueseguro.es\/blog\/wp-json\/wp\/v2\/users\/1"}],"replies":[{"embeddable":true,"href":"https:\/\/masqueseguro.es\/blog\/wp-json\/wp\/v2\/comments?post=89"}],"version-history":[{"count":1,"href":"https:\/\/masqueseguro.es\/blog\/wp-json\/wp\/v2\/posts\/89\/revisions"}],"predecessor-version":[{"id":91,"href":"https:\/\/masqueseguro.es\/blog\/wp-json\/wp\/v2\/posts\/89\/revisions\/91"}],"wp:featuredmedia":[{"embeddable":true,"href":"https:\/\/masqueseguro.es\/blog\/wp-json\/wp\/v2\/media\/90"}],"wp:attachment":[{"href":"https:\/\/masqueseguro.es\/blog\/wp-json\/wp\/v2\/media?parent=89"}],"wp:term":[{"taxonomy":"category","embeddable":true,"href":"https:\/\/masqueseguro.es\/blog\/wp-json\/wp\/v2\/categories?post=89"},{"taxonomy":"post_tag","embeddable":true,"href":"https:\/\/masqueseguro.es\/blog\/wp-json\/wp\/v2\/tags?post=89"}],"curies":[{"name":"wp","href":"https:\/\/api.w.org\/{rel}","templated":true}]}}