{"id":85,"date":"2019-07-05T18:01:52","date_gmt":"2019-07-05T18:01:52","guid":{"rendered":"http:\/\/masqueseguro.es\/blog\/?p=85"},"modified":"2022-11-03T19:49:38","modified_gmt":"2022-11-03T19:49:38","slug":"trastorno-de-ansiedad-la-pandemia-mental-del-siglo-xxi","status":"publish","type":"post","link":"https:\/\/masqueseguro.es\/blog\/enfermedades\/trastorno-de-ansiedad-la-pandemia-mental-del-siglo-xxi\/","title":{"rendered":"Trastorno de ansiedad, la pandemia mental del siglo XXI"},"content":{"rendered":"<p>Cuando hablamos de una pandemia nos vienen a la cabeza im\u00e1genes de siglos ya pasados, donde la Peste, el Tifus o el C\u00f3lera mermaban con virulencia una poblaci\u00f3n muy vulnerable por la inexistencia de medicamentos. Los avances m\u00e9dicos han erradicado, al menos en el primer mundo, este tipo de plaga de enfermedades a gran escala que acababa con altos porcentajes de la poblaci\u00f3n. Pero esto no quiere decir que las pandemias se hayan erradicado. Y la \u00faltima e invisible que comienza a golpear a cada vez m\u00e1s porcentaje de la poblaci\u00f3n son los trastornos de ansiedad.<\/p>\n<p><b>Ansiedad, de mecanismo de reacci\u00f3n a enfermedad mental<\/b><\/p>\n<p>Cuando hablamos de <b>ansiedad<\/b> asociamos directamente el t\u00e9rmino a trastorno de ansiedad cuando no es lo correcto. La ansiedad como tal es un mecanismo de defensa del organismo. Es una respuesta de nuestro cuerpo ante est\u00edmulos externos o internos que nuestro cerebro percibe como amenazantes o peligrosos. A esta ansiedad le acompa\u00f1a una respuesta f\u00edsica del cuerpo, que se pone en tensi\u00f3n y se prepara para combatir eso que nuestro cerebro ha percibido como amenazante. En nuestro d\u00eda a d\u00eda utilizamos la ansiedad, por ejemplo, para lidiar de manera exitosa con situaciones de estr\u00e9s sin venirnos abajo. Esto es lo que se conoce cient\u00edficamente como ansiedad adaptativa o no patol\u00f3gica y el mecanismo que esta activa se conoce habitualmente como lucha o huida.<\/p>\n<p>El problema que conocemos como <b>trastorno de ansiedad<\/b> puede devenir de dos respuestas at\u00edpicas de este mecanismo de defensa. La primera ser\u00eda que esta respuesta fuera desproporcionada, demasiado intensa con respecto al nivel de amenaza. Por ejemplo, que nuestro cuerpo reaccione ante algo relativamente amenazante, como pueda ser una reuni\u00f3n de trabajo, como si fuera algo seriamente amenazante, que pusiera en peligro nuestra vida.<\/p>\n<p>La otra respuesta at\u00edpica que se puede dar es que nuestro organismo perciba como amenazantes cosas que no deber\u00edan serlo, y as\u00ed cree unos est\u00edmulos imaginarios o inexistentes ante los que el cuerpo reacciona. Cuando cualquier estimulo externo es potencial causante de ansiedad, porque nuestro cerebro lo considera as\u00ed, la ansiedad pasa de mecanismo de reacci\u00f3n a trastorno, que puede llegar a ser muy serio incluso incapacitante para llevar una vida normal. Y es que imagina que cualquier est\u00edmulo aleatorio pudiera provocarte respiraci\u00f3n agitada, sudoraci\u00f3n o mareos. Pues algo as\u00ed les pasa a las personas que padecen trastorno de ansiedad.<\/p>\n<p><b>Los n\u00fameros de la ansiedad en Espa\u00f1a<\/b><\/p>\n<p>Seg\u00fan un estudio que present\u00f3 el a\u00f1o pasado la Sociedad Espa\u00f1ola para el Estudio de la Ansiedad y el Estr\u00e9s<b>, uno de cada tres pacientes que acude al m\u00e9dico de cabecera en Espa\u00f1a presenta s\u00edntomas derivados del estr\u00e9s<\/b>, el mayoritario la ansiedad. De hecho, la ansiedad se ha situado como el problema de salud mental que m\u00e1s citan los espa\u00f1oles, costando alrededor de un 2% al PIB anual. Los trastornos de ansiedad son una de las mayores causas de absentismo laboral, siendo responsables directo de aproximadamente el 10% de las bajas, unas cifras muy superiores a la media europea donde se situar\u00eda en un 3%. La \u00faltima Encuesta Nacional de Salud colocaba <b>los trastornos de ansiedad como el sexto problema de salud<\/b> m\u00e1s recurrente, y el primero en cuanto a padecimientos no f\u00edsicos.<\/p>\n<p>El Ministerio de Sanidad no ha presentado estudios concretos sobre el aumento de los casos de ansiedad en los \u00faltimos a\u00f1os, pero si lo hace sobre el consumo de f\u00e1rmacos, del que se puede extraer la conclusi\u00f3n de que los trastornos de ansiedad y estr\u00e9s est\u00e1n disparados. Y es que en los \u00faltimos a\u00f1os se ha detectado <b>un aumento del 57% en el consumo de ansiol\u00edticos<\/b>, esto es, pastillas para lidiar con la ansiedad. Estas cifras no solo hablan de un aumento en el n\u00famero de personas que padecen ansiedad, si no que son un problema por si mismo ya que el consumo de estos medicamentos est\u00e1 alcanzando niveles que pueden ser un riesgo para la salud por s\u00ed mismos. La FEPE, Federaci\u00f3n de empresarios farmac\u00e9uticos, public\u00f3 a principios de este a\u00f1o un estudio que reafirma este problema: los ansiol\u00edticos son los medicamentos m\u00e1s vendidos en las farmacias de Espa\u00f1a.<\/p>\n<p>Y es que el uso prolongado e indiscriminado de ansiol\u00edticos puede tener efectos nocivos. Los ansiol\u00edticos son depresores del sistema nervioso central, como el alcohol, y su ingesta continuada puede provocar los mismos efectos que la de bebidas espitosas: p\u00e9rdida de memoria, disminuci\u00f3n de la atenci\u00f3n, s\u00edndrome de abstinencia, aumento de la tolerancia y por lo tanto de la dosis necesaria y finalmente dependencia.<\/p>\n<p>Pero \u00bfde d\u00f3nde viene este consumo? Evidentemente un ansiol\u00edtico no es un medicamento que pueda comprarse sin receta. El enorme consumo de ansiol\u00edticos pone sobre la mesa uno de los principales problemas de la sanidad p\u00fablica de nuestro pa\u00eds, y es los bajos recursos destinados a la salud mental. Cuando se acude al m\u00e9dico de cabecera con cuadros de ansiedad acaba recetando pastillas antes de derivar a unos especialistas que o no existen o est\u00e1n saturados.<\/p>\n<p><b>Psicolog\u00eda y seguridad social en Espa\u00f1a<\/b><\/p>\n<p>El consumo de ansiol\u00edticos es una salida f\u00e1cil, un atajo, a recibir sesiones de tratamiento psicol\u00f3gico con las que conseguir erradicar el problema de ra\u00edz, y no solo paliar superficialmente sus efectos. El problema es que el acceso a ese tratamiento psicol\u00f3gico en nuestro pa\u00eds es o dif\u00edcil o directamente de pago.<\/p>\n<p>Y es que la falta de psic\u00f3logos en la sanidad p\u00fablica espa\u00f1ola es sangrante. Es estima que en Espa\u00f1a hay <b>4 especialistas por cada 100.000 habitantes<\/b>, unas cifras a todas luces insuficientes, un dato que escandaliza a\u00fan m\u00e1s cuando se compara con la media europea, que est\u00e1 en <b>18 psic\u00f3logos por cada 100.000 habitantes<\/b>.<\/p>\n<p>De hecho, el Defensor del Pueblo inici\u00f3 una actuaci\u00f3n de oficio junto al Ministerio de Sanidad para saber si la oferta de atenci\u00f3n psicol\u00f3gica en la sanidad p\u00fablica se ajusta a la demanda de la misma. Las listas de espera var\u00edan seg\u00fan la CCAA, pero son habituales las quejas de tener que esperar al menos un mes para la primera consulta, la media en Madrid es por ejemplo de 200 d\u00edas, e incluso meses entre sesi\u00f3n y sesi\u00f3n.<\/p>\n<p>Al final el recurso al que acuden los que pueden permit\u00edrselo es acudir a un psic\u00f3logo privado. Pero sus precios pueden llegar a ser prohibitivos para una econom\u00eda que empieza a despegar post crisis, entre 60-120 euros por sesi\u00f3n de una hora. Acudir durante una temporada a una sesi\u00f3n semanal puede costar una media de 400 euros al mes, algo que no todas las econom\u00edas pueden permitirse. Y sin acceso a psic\u00f3logos en la p\u00fablica, ni posibilidad de pagar sesiones privadas, la \u00fanica salida que queda es la medicaci\u00f3n, algo que es parche, nunca soluci\u00f3n y que como hemos explicado anteriormente, puede derivar a problemas mayores.<\/p>\n<p>Desde <span style=\"color: #0563c1;\"><u><a href=\"https:\/\/masqueseguro.es\/\">M\u00e1s que Seguro<\/a><\/u><\/span> consideramos que la sanidad p\u00fablica deber\u00eda cubrir las necesidades en cuanto a tratamiento psicol\u00f3gico de la poblaci\u00f3n. Estamos concienciados con la importancia de la salud mental, por eso nuestros seguros incluyen hasta 20 sesiones de psicolog\u00eda cl\u00ednica al a\u00f1o.<\/p>\n","protected":false},"excerpt":{"rendered":"<p>Cuando hablamos de una pandemia nos vienen a la cabeza [&hellip;]<\/p>\n","protected":false},"author":1,"featured_media":86,"comment_status":"open","ping_status":"open","sticky":false,"template":"","format":"standard","meta":[],"categories":[8],"tags":[],"yoast_head":"<!-- This site is optimized with the Yoast SEO plugin v19.9 - https:\/\/yoast.com\/wordpress\/plugins\/seo\/ -->\n<title>Trastorno de Ansiedad. \u00bfQu\u00e9 influencia tiene? | M\u00e1s Que Seguro<\/title>\n<meta name=\"robots\" content=\"index, follow, max-snippet:-1, max-image-preview:large, max-video-preview:-1\" \/>\n<link rel=\"canonical\" href=\"https:\/\/masqueseguro.es\/blog\/enfermedades\/trastorno-de-ansiedad-la-pandemia-mental-del-siglo-xxi\/\" \/>\n<meta property=\"og:locale\" content=\"es_ES\" \/>\n<meta property=\"og:type\" content=\"article\" \/>\n<meta property=\"og:title\" content=\"Trastorno de Ansiedad. \u00bfQu\u00e9 influencia tiene? | M\u00e1s Que Seguro\" \/>\n<meta property=\"og:description\" content=\"Cuando hablamos de una pandemia nos vienen a la cabeza [&hellip;]\" \/>\n<meta property=\"og:url\" content=\"https:\/\/masqueseguro.es\/blog\/enfermedades\/trastorno-de-ansiedad-la-pandemia-mental-del-siglo-xxi\/\" \/>\n<meta property=\"og:site_name\" content=\"M&aacute;s que Seguro\" \/>\n<meta property=\"article:publisher\" content=\"https:\/\/www.facebook.com\/masqueseguro.es\" \/>\n<meta property=\"article:published_time\" content=\"2019-07-05T18:01:52+00:00\" \/>\n<meta property=\"article:modified_time\" content=\"2022-11-03T19:49:38+00:00\" \/>\n<meta property=\"og:image\" content=\"https:\/\/masqueseguro.es\/blog\/wp-content\/uploads\/2019\/07\/sad-girl-1382940_1920.jpg\" \/>\n\t<meta property=\"og:image:width\" content=\"1920\" \/>\n\t<meta property=\"og:image:height\" content=\"809\" \/>\n\t<meta property=\"og:image:type\" content=\"image\/jpeg\" \/>\n<meta name=\"author\" content=\"MasQueSeguro\" \/>\n<meta name=\"twitter:card\" content=\"summary_large_image\" \/>\n<meta name=\"twitter:label1\" content=\"Escrito por\" \/>\n\t<meta name=\"twitter:data1\" content=\"MasQueSeguro\" \/>\n\t<meta name=\"twitter:label2\" content=\"Tiempo de lectura\" \/>\n\t<meta name=\"twitter:data2\" content=\"6 minutos\" \/>\n<script type=\"application\/ld+json\" class=\"yoast-schema-graph\">{\"@context\":\"https:\/\/schema.org\",\"@graph\":[{\"@type\":\"Article\",\"@id\":\"https:\/\/masqueseguro.es\/blog\/enfermedades\/trastorno-de-ansiedad-la-pandemia-mental-del-siglo-xxi\/#article\",\"isPartOf\":{\"@id\":\"https:\/\/masqueseguro.es\/blog\/enfermedades\/trastorno-de-ansiedad-la-pandemia-mental-del-siglo-xxi\/\"},\"author\":{\"name\":\"MasQueSeguro\",\"@id\":\"http:\/\/masqueseguro.es\/blog\/#\/schema\/person\/f9a2c808e321d7f923abec7187d38c22\"},\"headline\":\"Trastorno de ansiedad, la pandemia mental del siglo XXI\",\"datePublished\":\"2019-07-05T18:01:52+00:00\",\"dateModified\":\"2022-11-03T19:49:38+00:00\",\"mainEntityOfPage\":{\"@id\":\"https:\/\/masqueseguro.es\/blog\/enfermedades\/trastorno-de-ansiedad-la-pandemia-mental-del-siglo-xxi\/\"},\"wordCount\":1271,\"commentCount\":0,\"publisher\":{\"@id\":\"http:\/\/masqueseguro.es\/blog\/#organization\"},\"articleSection\":[\"Enfermedades\"],\"inLanguage\":\"es\",\"potentialAction\":[{\"@type\":\"CommentAction\",\"name\":\"Comment\",\"target\":[\"https:\/\/masqueseguro.es\/blog\/enfermedades\/trastorno-de-ansiedad-la-pandemia-mental-del-siglo-xxi\/#respond\"]}]},{\"@type\":\"WebPage\",\"@id\":\"https:\/\/masqueseguro.es\/blog\/enfermedades\/trastorno-de-ansiedad-la-pandemia-mental-del-siglo-xxi\/\",\"url\":\"https:\/\/masqueseguro.es\/blog\/enfermedades\/trastorno-de-ansiedad-la-pandemia-mental-del-siglo-xxi\/\",\"name\":\"Trastorno de Ansiedad. \u00bfQu\u00e9 influencia tiene? | M\u00e1s Que Seguro\",\"isPartOf\":{\"@id\":\"http:\/\/masqueseguro.es\/blog\/#website\"},\"datePublished\":\"2019-07-05T18:01:52+00:00\",\"dateModified\":\"2022-11-03T19:49:38+00:00\",\"breadcrumb\":{\"@id\":\"https:\/\/masqueseguro.es\/blog\/enfermedades\/trastorno-de-ansiedad-la-pandemia-mental-del-siglo-xxi\/#breadcrumb\"},\"inLanguage\":\"es\",\"potentialAction\":[{\"@type\":\"ReadAction\",\"target\":[\"https:\/\/masqueseguro.es\/blog\/enfermedades\/trastorno-de-ansiedad-la-pandemia-mental-del-siglo-xxi\/\"]}]},{\"@type\":\"BreadcrumbList\",\"@id\":\"https:\/\/masqueseguro.es\/blog\/enfermedades\/trastorno-de-ansiedad-la-pandemia-mental-del-siglo-xxi\/#breadcrumb\",\"itemListElement\":[{\"@type\":\"ListItem\",\"position\":1,\"name\":\"Portada\",\"item\":\"http:\/\/masqueseguro.es\/blog\/\"},{\"@type\":\"ListItem\",\"position\":2,\"name\":\"Trastorno de ansiedad, la pandemia mental del siglo XXI\"}]},{\"@type\":\"WebSite\",\"@id\":\"http:\/\/masqueseguro.es\/blog\/#website\",\"url\":\"http:\/\/masqueseguro.es\/blog\/\",\"name\":\"M&aacute;s que Seguro\",\"description\":\"Actualidad M&aacute;s que Seguro\",\"publisher\":{\"@id\":\"http:\/\/masqueseguro.es\/blog\/#organization\"},\"potentialAction\":[{\"@type\":\"SearchAction\",\"target\":{\"@type\":\"EntryPoint\",\"urlTemplate\":\"http:\/\/masqueseguro.es\/blog\/?s={search_term_string}\"},\"query-input\":\"required name=search_term_string\"}],\"inLanguage\":\"es\"},{\"@type\":\"Organization\",\"@id\":\"http:\/\/masqueseguro.es\/blog\/#organization\",\"name\":\"M\u00e1s que Seguro\",\"url\":\"http:\/\/masqueseguro.es\/blog\/\",\"logo\":{\"@type\":\"ImageObject\",\"inLanguage\":\"es\",\"@id\":\"http:\/\/masqueseguro.es\/blog\/#\/schema\/logo\/image\/\",\"url\":\"https:\/\/masqueseguro.es\/blog\/wp-content\/uploads\/2022\/11\/logo-combinado.png\",\"contentUrl\":\"https:\/\/masqueseguro.es\/blog\/wp-content\/uploads\/2022\/11\/logo-combinado.png\",\"width\":278,\"height\":50,\"caption\":\"M\u00e1s que Seguro\"},\"image\":{\"@id\":\"http:\/\/masqueseguro.es\/blog\/#\/schema\/logo\/image\/\"},\"sameAs\":[\"https:\/\/www.facebook.com\/masqueseguro.es\"]},{\"@type\":\"Person\",\"@id\":\"http:\/\/masqueseguro.es\/blog\/#\/schema\/person\/f9a2c808e321d7f923abec7187d38c22\",\"name\":\"MasQueSeguro\",\"image\":{\"@type\":\"ImageObject\",\"inLanguage\":\"es\",\"@id\":\"http:\/\/masqueseguro.es\/blog\/#\/schema\/person\/image\/\",\"url\":\"https:\/\/secure.gravatar.com\/avatar\/61c067d118519e691a5577cdd441976d?s=96&d=mm&r=g\",\"contentUrl\":\"https:\/\/secure.gravatar.com\/avatar\/61c067d118519e691a5577cdd441976d?s=96&d=mm&r=g\",\"caption\":\"MasQueSeguro\"},\"url\":\"https:\/\/masqueseguro.es\/blog\/author\/admin\/\"}]}<\/script>\n<!-- \/ Yoast SEO plugin. -->","yoast_head_json":{"title":"Trastorno de Ansiedad. \u00bfQu\u00e9 influencia tiene? | M\u00e1s Que Seguro","robots":{"index":"index","follow":"follow","max-snippet":"max-snippet:-1","max-image-preview":"max-image-preview:large","max-video-preview":"max-video-preview:-1"},"canonical":"https:\/\/masqueseguro.es\/blog\/enfermedades\/trastorno-de-ansiedad-la-pandemia-mental-del-siglo-xxi\/","og_locale":"es_ES","og_type":"article","og_title":"Trastorno de Ansiedad. \u00bfQu\u00e9 influencia tiene? | M\u00e1s Que Seguro","og_description":"Cuando hablamos de una pandemia nos vienen a la cabeza [&hellip;]","og_url":"https:\/\/masqueseguro.es\/blog\/enfermedades\/trastorno-de-ansiedad-la-pandemia-mental-del-siglo-xxi\/","og_site_name":"M&aacute;s que Seguro","article_publisher":"https:\/\/www.facebook.com\/masqueseguro.es","article_published_time":"2019-07-05T18:01:52+00:00","article_modified_time":"2022-11-03T19:49:38+00:00","og_image":[{"width":1920,"height":809,"url":"https:\/\/masqueseguro.es\/blog\/wp-content\/uploads\/2019\/07\/sad-girl-1382940_1920.jpg","type":"image\/jpeg"}],"author":"MasQueSeguro","twitter_card":"summary_large_image","twitter_misc":{"Escrito por":"MasQueSeguro","Tiempo de lectura":"6 minutos"},"schema":{"@context":"https:\/\/schema.org","@graph":[{"@type":"Article","@id":"https:\/\/masqueseguro.es\/blog\/enfermedades\/trastorno-de-ansiedad-la-pandemia-mental-del-siglo-xxi\/#article","isPartOf":{"@id":"https:\/\/masqueseguro.es\/blog\/enfermedades\/trastorno-de-ansiedad-la-pandemia-mental-del-siglo-xxi\/"},"author":{"name":"MasQueSeguro","@id":"http:\/\/masqueseguro.es\/blog\/#\/schema\/person\/f9a2c808e321d7f923abec7187d38c22"},"headline":"Trastorno de ansiedad, la pandemia mental del siglo XXI","datePublished":"2019-07-05T18:01:52+00:00","dateModified":"2022-11-03T19:49:38+00:00","mainEntityOfPage":{"@id":"https:\/\/masqueseguro.es\/blog\/enfermedades\/trastorno-de-ansiedad-la-pandemia-mental-del-siglo-xxi\/"},"wordCount":1271,"commentCount":0,"publisher":{"@id":"http:\/\/masqueseguro.es\/blog\/#organization"},"articleSection":["Enfermedades"],"inLanguage":"es","potentialAction":[{"@type":"CommentAction","name":"Comment","target":["https:\/\/masqueseguro.es\/blog\/enfermedades\/trastorno-de-ansiedad-la-pandemia-mental-del-siglo-xxi\/#respond"]}]},{"@type":"WebPage","@id":"https:\/\/masqueseguro.es\/blog\/enfermedades\/trastorno-de-ansiedad-la-pandemia-mental-del-siglo-xxi\/","url":"https:\/\/masqueseguro.es\/blog\/enfermedades\/trastorno-de-ansiedad-la-pandemia-mental-del-siglo-xxi\/","name":"Trastorno de Ansiedad. \u00bfQu\u00e9 influencia tiene? | M\u00e1s Que Seguro","isPartOf":{"@id":"http:\/\/masqueseguro.es\/blog\/#website"},"datePublished":"2019-07-05T18:01:52+00:00","dateModified":"2022-11-03T19:49:38+00:00","breadcrumb":{"@id":"https:\/\/masqueseguro.es\/blog\/enfermedades\/trastorno-de-ansiedad-la-pandemia-mental-del-siglo-xxi\/#breadcrumb"},"inLanguage":"es","potentialAction":[{"@type":"ReadAction","target":["https:\/\/masqueseguro.es\/blog\/enfermedades\/trastorno-de-ansiedad-la-pandemia-mental-del-siglo-xxi\/"]}]},{"@type":"BreadcrumbList","@id":"https:\/\/masqueseguro.es\/blog\/enfermedades\/trastorno-de-ansiedad-la-pandemia-mental-del-siglo-xxi\/#breadcrumb","itemListElement":[{"@type":"ListItem","position":1,"name":"Portada","item":"http:\/\/masqueseguro.es\/blog\/"},{"@type":"ListItem","position":2,"name":"Trastorno de ansiedad, la pandemia mental del siglo XXI"}]},{"@type":"WebSite","@id":"http:\/\/masqueseguro.es\/blog\/#website","url":"http:\/\/masqueseguro.es\/blog\/","name":"M&aacute;s que Seguro","description":"Actualidad M&aacute;s que Seguro","publisher":{"@id":"http:\/\/masqueseguro.es\/blog\/#organization"},"potentialAction":[{"@type":"SearchAction","target":{"@type":"EntryPoint","urlTemplate":"http:\/\/masqueseguro.es\/blog\/?s={search_term_string}"},"query-input":"required name=search_term_string"}],"inLanguage":"es"},{"@type":"Organization","@id":"http:\/\/masqueseguro.es\/blog\/#organization","name":"M\u00e1s que Seguro","url":"http:\/\/masqueseguro.es\/blog\/","logo":{"@type":"ImageObject","inLanguage":"es","@id":"http:\/\/masqueseguro.es\/blog\/#\/schema\/logo\/image\/","url":"https:\/\/masqueseguro.es\/blog\/wp-content\/uploads\/2022\/11\/logo-combinado.png","contentUrl":"https:\/\/masqueseguro.es\/blog\/wp-content\/uploads\/2022\/11\/logo-combinado.png","width":278,"height":50,"caption":"M\u00e1s que Seguro"},"image":{"@id":"http:\/\/masqueseguro.es\/blog\/#\/schema\/logo\/image\/"},"sameAs":["https:\/\/www.facebook.com\/masqueseguro.es"]},{"@type":"Person","@id":"http:\/\/masqueseguro.es\/blog\/#\/schema\/person\/f9a2c808e321d7f923abec7187d38c22","name":"MasQueSeguro","image":{"@type":"ImageObject","inLanguage":"es","@id":"http:\/\/masqueseguro.es\/blog\/#\/schema\/person\/image\/","url":"https:\/\/secure.gravatar.com\/avatar\/61c067d118519e691a5577cdd441976d?s=96&d=mm&r=g","contentUrl":"https:\/\/secure.gravatar.com\/avatar\/61c067d118519e691a5577cdd441976d?s=96&d=mm&r=g","caption":"MasQueSeguro"},"url":"https:\/\/masqueseguro.es\/blog\/author\/admin\/"}]}},"_links":{"self":[{"href":"https:\/\/masqueseguro.es\/blog\/wp-json\/wp\/v2\/posts\/85"}],"collection":[{"href":"https:\/\/masqueseguro.es\/blog\/wp-json\/wp\/v2\/posts"}],"about":[{"href":"https:\/\/masqueseguro.es\/blog\/wp-json\/wp\/v2\/types\/post"}],"author":[{"embeddable":true,"href":"https:\/\/masqueseguro.es\/blog\/wp-json\/wp\/v2\/users\/1"}],"replies":[{"embeddable":true,"href":"https:\/\/masqueseguro.es\/blog\/wp-json\/wp\/v2\/comments?post=85"}],"version-history":[{"count":1,"href":"https:\/\/masqueseguro.es\/blog\/wp-json\/wp\/v2\/posts\/85\/revisions"}],"predecessor-version":[{"id":87,"href":"https:\/\/masqueseguro.es\/blog\/wp-json\/wp\/v2\/posts\/85\/revisions\/87"}],"wp:featuredmedia":[{"embeddable":true,"href":"https:\/\/masqueseguro.es\/blog\/wp-json\/wp\/v2\/media\/86"}],"wp:attachment":[{"href":"https:\/\/masqueseguro.es\/blog\/wp-json\/wp\/v2\/media?parent=85"}],"wp:term":[{"taxonomy":"category","embeddable":true,"href":"https:\/\/masqueseguro.es\/blog\/wp-json\/wp\/v2\/categories?post=85"},{"taxonomy":"post_tag","embeddable":true,"href":"https:\/\/masqueseguro.es\/blog\/wp-json\/wp\/v2\/tags?post=85"}],"curies":[{"name":"wp","href":"https:\/\/api.w.org\/{rel}","templated":true}]}}