{"id":53,"date":"2019-06-04T10:07:11","date_gmt":"2019-06-04T10:07:11","guid":{"rendered":"http:\/\/masqueseguro.es\/blog\/?p=53"},"modified":"2022-11-03T20:00:03","modified_gmt":"2022-11-03T20:00:03","slug":"alergias-y-seguros-de-salud","status":"publish","type":"post","link":"https:\/\/masqueseguro.es\/blog\/uncategorized\/alergias-y-seguros-de-salud\/","title":{"rendered":"Alergias y seguros de salud"},"content":{"rendered":"<p>Estamos en plena primavera, una de las \u00e9pocas m\u00e1s complicadas para la mayor\u00eda de las alergias respiratorias, que se intensifican en esta \u00e9poca del a\u00f1o. A la hora de contratar un seguro de salud, una de las cosas que nos podemos plantear es si cubre el tratamiento y vacunas de las alergias.<br \/>\nSe considera que unas 14.000.000 de personas sufren alg\u00fan tipo de alergia en nuestro pa\u00eds, lo que supone aproximadamente un 30% de la poblaci\u00f3n. La alergia no es algo que se padezca desde el nacimiento, se puede desarrollar en cualquier momento de la vida, al igual que se puede nacer con ella y que acabe por desaparecer. Las alergias cada vez son algo m\u00e1s com\u00fan entre la poblaci\u00f3n y algunos estudios consideran que para el a\u00f1o 2020 pr\u00e1cticamente una de cada dos personas padecer\u00e1 de alg\u00fan tipo.<\/p>\n<p><strong>Alergia y sus tipos<\/strong>.<\/p>\n<p>Las alergias se producen cuando el organismo est\u00e1 hipersensibilizado ante el contacto de otro elemento que el sistema inmune identifica como una amenaza e intenta expulsar. Las alergias se pueden catalogar en tres categor\u00edas, seg\u00fan la v\u00eda de contacto ante el al\u00e9rgeno, seg\u00fan los s\u00edntomas que produce este y seg\u00fan el momento o lugar donde se produce este contacto. As\u00ed, tenemos las siguientes alergias:<\/p>\n<p><strong>Seg\u00fan la v\u00eda de contacto<\/strong><\/p>\n<p>\u2022 Alergia por inhalaci\u00f3n. Son aquellas en las que la sustancia al\u00e9rgena se introduce en nuestro organismo a trav\u00e9s de la respiraci\u00f3n. Suele tratarse part\u00edculas peque\u00f1as como \u00e1caros y polen.<br \/>\n\u2022 Alergia por contacto. Se producen por contacto directo a nivel f\u00edsico y suelen tener reacciones cut\u00e1neas. Un ejemplo ser\u00eda la alergia al pelo de animal.<br \/>\n\u2022 Alergias por ingesti\u00f3n. Se producen cuando consumimos el al\u00e9rgeno por v\u00eda oral. Es uno de los tipos m\u00e1s peligrosos para la salud.<br \/>\n\u2022 Alergias por inoculaci\u00f3n. Alergias a elementos que se introducen mediante v\u00edas como la intravenosa. Son con diferencia las m\u00e1s peligrosas porque al entrar directamente al torrente sangu\u00edneo pueden tener efectos por todo el organismo.<br \/>\nSeg\u00fan sus s\u00edntomas<br \/>\n\u2022 Respiratorias. Son muy frecuentes. El al\u00e9rgeno afecta a pulmones o v\u00edas respiratorias dificultando el proceso, derivan en episodios de tos o asmas.<br \/>\n\u2022 Cut\u00e1neas. Las m\u00e1s frecuentes junto a las respiratorias. El al\u00e9rgeno causa alguna reacci\u00f3n en la piel, desde un simple enrojecimiento hasta \u00falceras en los casos m\u00e1s extremos. Es el caso de la mayor\u00eda de las dermatitis.<br \/>\n\u2022 Nasales. Producen principalmente estornudos y picor nasal por lo que muchas veces son confundidas con resfriados<br \/>\n\u2022 Oculares. Al contacto con los ojos el al\u00e9rgeno provoca irritaci\u00f3n, lagrimeo e incluso conjuntivitis.<br \/>\n\u2022 Digestivas. Principalmente provocan diarreas y v\u00f3mitos y son causadas casi siempre por la ingesta de alimentos o medicamentos.<br \/>\nSeg\u00fan el momento o lugar de exposici\u00f3n<br \/>\n\u2022 Estacional. Son un tipo de alergia en la que el al\u00e9rgeno tiende a aparecer en una determinada \u00e9poca del a\u00f1o. La m\u00e1s frecuente es la alergia al polen, que es especialmente intensa en primavera.<br \/>\n\u2022 Ocupacional. Est\u00e1n provocadas por al\u00e9rgenos a los que estamos expuestos en nuestro lugar de trabajo, en especial suelen darse en labores que impliquen manejo de productos qu\u00edmicos o manipulaci\u00f3n alimentaria.<\/p>\n<p><strong>Las alergias en los seguros de salud<\/strong>.<\/p>\n<p>Como hemos visto, el padecimiento de alergias es algo bastante com\u00fan entre la poblaci\u00f3n. A la hora de contratar un seguro de salud hay que tener en cuenta que la mayor\u00eda de ellos considera las alergias como preexistencias, por lo que habr\u00e1 que informar de su padecimiento a la hora de rellenar los formularios previos a contratar la p\u00f3liza.<br \/>\nLas alergias, salvo excepciones, no son afecciones de salud grave por lo que es poco probable que las compa\u00f1\u00edas rechacen el aseguramiento por su causa. De hecho, la pr\u00e1ctica totalidad de los seguros cubren las pruebas de alergia, que habitualmente son r\u00e1pidas, sencillas y de bajo coste.<br \/>\nPero cuando entramos en la vacunaci\u00f3n, la cosa cambia. Y es que ning\u00fan seguro m\u00e9dico cubre la vacunaci\u00f3n contra una alergia. En Espa\u00f1a las vacunas no son obligatorias salvo en casos de riesgo para la salud p\u00fablica, algo que deja fuera a las vacunas contra la alergia. De hecho, las vacunas no son recomendables para todo tipo de alergias ya que hay algunas, como las alimentarias, que no tienen tratamiento posible.<br \/>\nEn cuanto a la medicaci\u00f3n contra la alergia, como puedan ser inhaladores o antihistam\u00ednicos, depender\u00e1 de la cobertura de farmacia que tenga cada seguro, pero esta cobertura habitualmente es un extra que se debe contratar, cuyo precio variar\u00e1 en funci\u00f3n de la medicaci\u00f3n necesaria cada mes.<br \/>\nAs\u00ed que, en t\u00e9rminos generales, las alergias se consideran como preexistencias no graves que en casi ning\u00fan caso tendr\u00e1n por resultado el rechazo de la cobertura, pero cuyo tratamiento ser\u00e1 pr\u00e1cticamente siempre excluido de dicha cobertura. Si tienes alguna duda adicional sobre alergias y seguros de salud, contacta con nosotros en M\u00e1s que seguro y te las resolvemos.<\/p>\n","protected":false},"excerpt":{"rendered":"<p>Estamos en plena primavera, una de las \u00e9pocas m\u00e1s complicadas [&hellip;]<\/p>\n","protected":false},"author":1,"featured_media":54,"comment_status":"open","ping_status":"open","sticky":false,"template":"","format":"standard","meta":[],"categories":[4,1],"tags":[],"yoast_head":"<!-- This site is optimized with the Yoast SEO plugin v19.9 - https:\/\/yoast.com\/wordpress\/plugins\/seo\/ -->\n<title>Relaci\u00f3n entre Alergias y Seguros de Salud | M\u00e1s Que Seguro<\/title>\n<meta name=\"robots\" content=\"noindex, follow\" \/>\n<meta property=\"og:locale\" content=\"es_ES\" \/>\n<meta property=\"og:type\" content=\"article\" \/>\n<meta property=\"og:title\" content=\"Relaci\u00f3n entre Alergias y Seguros de Salud | M\u00e1s Que Seguro\" \/>\n<meta property=\"og:description\" content=\"Estamos en plena primavera, una de las \u00e9pocas m\u00e1s complicadas [&hellip;]\" \/>\n<meta property=\"og:url\" content=\"https:\/\/masqueseguro.es\/blog\/uncategorized\/alergias-y-seguros-de-salud\/\" \/>\n<meta property=\"og:site_name\" content=\"M&aacute;s que Seguro\" \/>\n<meta property=\"article:publisher\" content=\"https:\/\/www.facebook.com\/masqueseguro.es\" \/>\n<meta property=\"article:published_time\" content=\"2019-06-04T10:07:11+00:00\" \/>\n<meta property=\"article:modified_time\" content=\"2022-11-03T20:00:03+00:00\" \/>\n<meta property=\"og:image\" content=\"https:\/\/masqueseguro.es\/blog\/wp-content\/uploads\/2019\/06\/alergia-2.jpg\" \/>\n\t<meta property=\"og:image:width\" content=\"1920\" \/>\n\t<meta property=\"og:image:height\" content=\"1280\" \/>\n\t<meta property=\"og:image:type\" content=\"image\/jpeg\" \/>\n<meta name=\"author\" content=\"MasQueSeguro\" \/>\n<meta name=\"twitter:card\" content=\"summary_large_image\" \/>\n<meta name=\"twitter:label1\" content=\"Escrito por\" \/>\n\t<meta name=\"twitter:data1\" content=\"MasQueSeguro\" \/>\n\t<meta name=\"twitter:label2\" content=\"Tiempo de lectura\" \/>\n\t<meta name=\"twitter:data2\" content=\"4 minutos\" \/>\n<script type=\"application\/ld+json\" class=\"yoast-schema-graph\">{\"@context\":\"https:\/\/schema.org\",\"@graph\":[{\"@type\":\"Article\",\"@id\":\"https:\/\/masqueseguro.es\/blog\/uncategorized\/alergias-y-seguros-de-salud\/#article\",\"isPartOf\":{\"@id\":\"https:\/\/masqueseguro.es\/blog\/uncategorized\/alergias-y-seguros-de-salud\/\"},\"author\":{\"name\":\"MasQueSeguro\",\"@id\":\"http:\/\/masqueseguro.es\/blog\/#\/schema\/person\/f9a2c808e321d7f923abec7187d38c22\"},\"headline\":\"Alergias y seguros de salud\",\"datePublished\":\"2019-06-04T10:07:11+00:00\",\"dateModified\":\"2022-11-03T20:00:03+00:00\",\"mainEntityOfPage\":{\"@id\":\"https:\/\/masqueseguro.es\/blog\/uncategorized\/alergias-y-seguros-de-salud\/\"},\"wordCount\":874,\"commentCount\":0,\"publisher\":{\"@id\":\"http:\/\/masqueseguro.es\/blog\/#organization\"},\"articleSection\":[\"Salud y Bienestar\",\"Uncategorized\"],\"inLanguage\":\"es\",\"potentialAction\":[{\"@type\":\"CommentAction\",\"name\":\"Comment\",\"target\":[\"https:\/\/masqueseguro.es\/blog\/uncategorized\/alergias-y-seguros-de-salud\/#respond\"]}]},{\"@type\":\"WebPage\",\"@id\":\"https:\/\/masqueseguro.es\/blog\/uncategorized\/alergias-y-seguros-de-salud\/\",\"url\":\"https:\/\/masqueseguro.es\/blog\/uncategorized\/alergias-y-seguros-de-salud\/\",\"name\":\"Relaci\u00f3n entre Alergias y Seguros de Salud | M\u00e1s Que Seguro\",\"isPartOf\":{\"@id\":\"http:\/\/masqueseguro.es\/blog\/#website\"},\"datePublished\":\"2019-06-04T10:07:11+00:00\",\"dateModified\":\"2022-11-03T20:00:03+00:00\",\"breadcrumb\":{\"@id\":\"https:\/\/masqueseguro.es\/blog\/uncategorized\/alergias-y-seguros-de-salud\/#breadcrumb\"},\"inLanguage\":\"es\",\"potentialAction\":[{\"@type\":\"ReadAction\",\"target\":[\"https:\/\/masqueseguro.es\/blog\/uncategorized\/alergias-y-seguros-de-salud\/\"]}]},{\"@type\":\"BreadcrumbList\",\"@id\":\"https:\/\/masqueseguro.es\/blog\/uncategorized\/alergias-y-seguros-de-salud\/#breadcrumb\",\"itemListElement\":[{\"@type\":\"ListItem\",\"position\":1,\"name\":\"Portada\",\"item\":\"http:\/\/masqueseguro.es\/blog\/\"},{\"@type\":\"ListItem\",\"position\":2,\"name\":\"Alergias y seguros de salud\"}]},{\"@type\":\"WebSite\",\"@id\":\"http:\/\/masqueseguro.es\/blog\/#website\",\"url\":\"http:\/\/masqueseguro.es\/blog\/\",\"name\":\"M&aacute;s que Seguro\",\"description\":\"Actualidad M&aacute;s que Seguro\",\"publisher\":{\"@id\":\"http:\/\/masqueseguro.es\/blog\/#organization\"},\"potentialAction\":[{\"@type\":\"SearchAction\",\"target\":{\"@type\":\"EntryPoint\",\"urlTemplate\":\"http:\/\/masqueseguro.es\/blog\/?s={search_term_string}\"},\"query-input\":\"required name=search_term_string\"}],\"inLanguage\":\"es\"},{\"@type\":\"Organization\",\"@id\":\"http:\/\/masqueseguro.es\/blog\/#organization\",\"name\":\"M\u00e1s que Seguro\",\"url\":\"http:\/\/masqueseguro.es\/blog\/\",\"logo\":{\"@type\":\"ImageObject\",\"inLanguage\":\"es\",\"@id\":\"http:\/\/masqueseguro.es\/blog\/#\/schema\/logo\/image\/\",\"url\":\"https:\/\/masqueseguro.es\/blog\/wp-content\/uploads\/2022\/11\/logo-combinado.png\",\"contentUrl\":\"https:\/\/masqueseguro.es\/blog\/wp-content\/uploads\/2022\/11\/logo-combinado.png\",\"width\":278,\"height\":50,\"caption\":\"M\u00e1s que Seguro\"},\"image\":{\"@id\":\"http:\/\/masqueseguro.es\/blog\/#\/schema\/logo\/image\/\"},\"sameAs\":[\"https:\/\/www.facebook.com\/masqueseguro.es\"]},{\"@type\":\"Person\",\"@id\":\"http:\/\/masqueseguro.es\/blog\/#\/schema\/person\/f9a2c808e321d7f923abec7187d38c22\",\"name\":\"MasQueSeguro\",\"image\":{\"@type\":\"ImageObject\",\"inLanguage\":\"es\",\"@id\":\"http:\/\/masqueseguro.es\/blog\/#\/schema\/person\/image\/\",\"url\":\"https:\/\/secure.gravatar.com\/avatar\/61c067d118519e691a5577cdd441976d?s=96&d=mm&r=g\",\"contentUrl\":\"https:\/\/secure.gravatar.com\/avatar\/61c067d118519e691a5577cdd441976d?s=96&d=mm&r=g\",\"caption\":\"MasQueSeguro\"},\"url\":\"https:\/\/masqueseguro.es\/blog\/author\/admin\/\"}]}<\/script>\n<!-- \/ Yoast SEO plugin. -->","yoast_head_json":{"title":"Relaci\u00f3n entre Alergias y Seguros de Salud | M\u00e1s Que Seguro","robots":{"index":"noindex","follow":"follow"},"og_locale":"es_ES","og_type":"article","og_title":"Relaci\u00f3n entre Alergias y Seguros de Salud | M\u00e1s Que Seguro","og_description":"Estamos en plena primavera, una de las \u00e9pocas m\u00e1s complicadas [&hellip;]","og_url":"https:\/\/masqueseguro.es\/blog\/uncategorized\/alergias-y-seguros-de-salud\/","og_site_name":"M&aacute;s que Seguro","article_publisher":"https:\/\/www.facebook.com\/masqueseguro.es","article_published_time":"2019-06-04T10:07:11+00:00","article_modified_time":"2022-11-03T20:00:03+00:00","og_image":[{"width":1920,"height":1280,"url":"https:\/\/masqueseguro.es\/blog\/wp-content\/uploads\/2019\/06\/alergia-2.jpg","type":"image\/jpeg"}],"author":"MasQueSeguro","twitter_card":"summary_large_image","twitter_misc":{"Escrito por":"MasQueSeguro","Tiempo de lectura":"4 minutos"},"schema":{"@context":"https:\/\/schema.org","@graph":[{"@type":"Article","@id":"https:\/\/masqueseguro.es\/blog\/uncategorized\/alergias-y-seguros-de-salud\/#article","isPartOf":{"@id":"https:\/\/masqueseguro.es\/blog\/uncategorized\/alergias-y-seguros-de-salud\/"},"author":{"name":"MasQueSeguro","@id":"http:\/\/masqueseguro.es\/blog\/#\/schema\/person\/f9a2c808e321d7f923abec7187d38c22"},"headline":"Alergias y seguros de salud","datePublished":"2019-06-04T10:07:11+00:00","dateModified":"2022-11-03T20:00:03+00:00","mainEntityOfPage":{"@id":"https:\/\/masqueseguro.es\/blog\/uncategorized\/alergias-y-seguros-de-salud\/"},"wordCount":874,"commentCount":0,"publisher":{"@id":"http:\/\/masqueseguro.es\/blog\/#organization"},"articleSection":["Salud y Bienestar","Uncategorized"],"inLanguage":"es","potentialAction":[{"@type":"CommentAction","name":"Comment","target":["https:\/\/masqueseguro.es\/blog\/uncategorized\/alergias-y-seguros-de-salud\/#respond"]}]},{"@type":"WebPage","@id":"https:\/\/masqueseguro.es\/blog\/uncategorized\/alergias-y-seguros-de-salud\/","url":"https:\/\/masqueseguro.es\/blog\/uncategorized\/alergias-y-seguros-de-salud\/","name":"Relaci\u00f3n entre Alergias y Seguros de Salud | M\u00e1s Que Seguro","isPartOf":{"@id":"http:\/\/masqueseguro.es\/blog\/#website"},"datePublished":"2019-06-04T10:07:11+00:00","dateModified":"2022-11-03T20:00:03+00:00","breadcrumb":{"@id":"https:\/\/masqueseguro.es\/blog\/uncategorized\/alergias-y-seguros-de-salud\/#breadcrumb"},"inLanguage":"es","potentialAction":[{"@type":"ReadAction","target":["https:\/\/masqueseguro.es\/blog\/uncategorized\/alergias-y-seguros-de-salud\/"]}]},{"@type":"BreadcrumbList","@id":"https:\/\/masqueseguro.es\/blog\/uncategorized\/alergias-y-seguros-de-salud\/#breadcrumb","itemListElement":[{"@type":"ListItem","position":1,"name":"Portada","item":"http:\/\/masqueseguro.es\/blog\/"},{"@type":"ListItem","position":2,"name":"Alergias y seguros de salud"}]},{"@type":"WebSite","@id":"http:\/\/masqueseguro.es\/blog\/#website","url":"http:\/\/masqueseguro.es\/blog\/","name":"M&aacute;s que Seguro","description":"Actualidad M&aacute;s que Seguro","publisher":{"@id":"http:\/\/masqueseguro.es\/blog\/#organization"},"potentialAction":[{"@type":"SearchAction","target":{"@type":"EntryPoint","urlTemplate":"http:\/\/masqueseguro.es\/blog\/?s={search_term_string}"},"query-input":"required name=search_term_string"}],"inLanguage":"es"},{"@type":"Organization","@id":"http:\/\/masqueseguro.es\/blog\/#organization","name":"M\u00e1s que Seguro","url":"http:\/\/masqueseguro.es\/blog\/","logo":{"@type":"ImageObject","inLanguage":"es","@id":"http:\/\/masqueseguro.es\/blog\/#\/schema\/logo\/image\/","url":"https:\/\/masqueseguro.es\/blog\/wp-content\/uploads\/2022\/11\/logo-combinado.png","contentUrl":"https:\/\/masqueseguro.es\/blog\/wp-content\/uploads\/2022\/11\/logo-combinado.png","width":278,"height":50,"caption":"M\u00e1s que Seguro"},"image":{"@id":"http:\/\/masqueseguro.es\/blog\/#\/schema\/logo\/image\/"},"sameAs":["https:\/\/www.facebook.com\/masqueseguro.es"]},{"@type":"Person","@id":"http:\/\/masqueseguro.es\/blog\/#\/schema\/person\/f9a2c808e321d7f923abec7187d38c22","name":"MasQueSeguro","image":{"@type":"ImageObject","inLanguage":"es","@id":"http:\/\/masqueseguro.es\/blog\/#\/schema\/person\/image\/","url":"https:\/\/secure.gravatar.com\/avatar\/61c067d118519e691a5577cdd441976d?s=96&d=mm&r=g","contentUrl":"https:\/\/secure.gravatar.com\/avatar\/61c067d118519e691a5577cdd441976d?s=96&d=mm&r=g","caption":"MasQueSeguro"},"url":"https:\/\/masqueseguro.es\/blog\/author\/admin\/"}]}},"_links":{"self":[{"href":"https:\/\/masqueseguro.es\/blog\/wp-json\/wp\/v2\/posts\/53"}],"collection":[{"href":"https:\/\/masqueseguro.es\/blog\/wp-json\/wp\/v2\/posts"}],"about":[{"href":"https:\/\/masqueseguro.es\/blog\/wp-json\/wp\/v2\/types\/post"}],"author":[{"embeddable":true,"href":"https:\/\/masqueseguro.es\/blog\/wp-json\/wp\/v2\/users\/1"}],"replies":[{"embeddable":true,"href":"https:\/\/masqueseguro.es\/blog\/wp-json\/wp\/v2\/comments?post=53"}],"version-history":[{"count":1,"href":"https:\/\/masqueseguro.es\/blog\/wp-json\/wp\/v2\/posts\/53\/revisions"}],"predecessor-version":[{"id":55,"href":"https:\/\/masqueseguro.es\/blog\/wp-json\/wp\/v2\/posts\/53\/revisions\/55"}],"wp:featuredmedia":[{"embeddable":true,"href":"https:\/\/masqueseguro.es\/blog\/wp-json\/wp\/v2\/media\/54"}],"wp:attachment":[{"href":"https:\/\/masqueseguro.es\/blog\/wp-json\/wp\/v2\/media?parent=53"}],"wp:term":[{"taxonomy":"category","embeddable":true,"href":"https:\/\/masqueseguro.es\/blog\/wp-json\/wp\/v2\/categories?post=53"},{"taxonomy":"post_tag","embeddable":true,"href":"https:\/\/masqueseguro.es\/blog\/wp-json\/wp\/v2\/tags?post=53"}],"curies":[{"name":"wp","href":"https:\/\/api.w.org\/{rel}","templated":true}]}}