{"id":178,"date":"2022-07-30T14:03:08","date_gmt":"2022-07-30T14:03:08","guid":{"rendered":"http:\/\/masqueseguro.es\/blog\/?p=178"},"modified":"2022-07-30T14:03:08","modified_gmt":"2022-07-30T14:03:08","slug":"por-que-contratar-el-seguro-de-enfermedad-mas-que-seguro","status":"publish","type":"post","link":"https:\/\/masqueseguro.es\/blog\/coberturas\/por-que-contratar-el-seguro-de-enfermedad-mas-que-seguro\/","title":{"rendered":"\u00bfPor qu\u00e9 contratar el Seguro de Enfermedad? | M\u00e1s Que Seguro"},"content":{"rendered":"<h1><span style=\"font-family: Calibri, serif;\"><b>\u00bfQu\u00e9 es el Seguro de Enfermedad y qu\u00e9 coberturas tiene?<\/b><\/span><\/h1>\n<p><span style=\"font-family: Calibri, serif;\"><span style=\"font-size: medium;\">Los <\/span><\/span><span style=\"font-family: Calibri, serif;\"><span style=\"font-size: medium;\"><b>seguros de enfermedad <\/b><\/span><\/span><span style=\"font-family: Calibri, serif;\"><span style=\"font-size: medium;\">tienen como objetivo <\/span><\/span><span style=\"font-family: Calibri, serif;\"><span style=\"font-size: medium;\"><b>proteger al asegurado de las consecuencias econ\u00f3micas <\/b><\/span><\/span><span style=\"font-family: Calibri, serif;\"><span style=\"font-size: medium;\">derivadas de la incapacidad en la que puede llegar a desembocar una patolog\u00eda o, como su propio nombre indica, una enfermedad.<\/span><\/span><\/p>\n<p><span style=\"font-family: Calibri, serif;\"><span style=\"font-size: medium;\">Los<\/span><\/span><span style=\"font-family: Calibri, serif;\"><span style=\"font-size: medium;\"><b> seguros de enfermedad<\/b><\/span><\/span><span style=\"font-family: Calibri, serif;\"><span style=\"font-size: medium;\"> resultan interesantes a la hora de que la persona asegurada, la cual sufra alguna de las patolog\u00edas recogidas en la correspondiente p\u00f3liza, reciba una compensaci\u00f3n econ\u00f3mica por la p\u00e9rdida de la capacidad de ganancias que ocasiona la invalidez, tanto temporal, como permanente, <\/span><\/span><span style=\"font-family: Calibri, serif;\"><span style=\"font-size: medium;\"><b>que provoca la enfermedad.<\/b><\/span><\/span><\/p>\n<p><span style=\"font-family: Calibri, serif;\"><span style=\"font-size: medium;\">Para ello, algunas p\u00f3lizas contemplan el pago de una indemnizaci\u00f3n diaria fijando un periodo m\u00e1ximo; otras p\u00f3lizas \u00fanicamente ofrecen cobertura en caso de incapacidad temporal durante el periodo de hospitalizaci\u00f3n. Adem\u00e1s, de estas coberturas, las cuales se hacen cargo del pago de aquellas indemnizaciones correspondientes a las incapacidades temporales, tambi\u00e9n existen p\u00f3lizas que incluyen el pago de indemnizaciones por invalidez permanente.<\/span><\/span><\/p>\n<h2><span style=\"font-family: Calibri, serif;\"><b>\u00bfQu\u00e9 es un seguro de enfermedad?<\/b><\/span><\/h2>\n<p><span style=\"font-family: Calibri, serif;\"><span style=\"font-size: medium;\">Los <\/span><\/span><span style=\"font-family: Calibri, serif;\"><span style=\"font-size: medium;\"><b>seguros de enfermedad<\/b><\/span><\/span><span style=\"font-family: Calibri, serif;\"><span style=\"font-size: medium;\"> son aquellos que cubren al beneficiario en caso de sufrir dolencias o patolog\u00edas, brind\u00e1ndole la compa\u00f1\u00eda aseguradora una asistencia m\u00e9dica y la correspondiente compensaci\u00f3n econ\u00f3mica. <\/span><\/span><\/p>\n<p><span style=\"font-family: Calibri, serif;\"><span style=\"font-size: medium;\">Dicho de otro modo, este tipo de seguro se activa desde el momento en el que la persona que haya contratado el seguro enferme o tenga un accidente que le cause una invalidez, bien temporal, o bien permanente. Ahora bien, los seguros de enfermedad presentan una serie de caracter\u00edsticas que ser\u00e1 necesario conocer a la hora de ser contratado. A continuaci\u00f3n, mencionaremos algunas de las m\u00e1s relevantes:<\/span><\/span><\/p>\n<ul>\n<li><span style=\"font-family: Calibri, serif;\"><span style=\"font-size: medium;\">Frecuentemente, las <\/span><\/span><span style=\"font-family: Calibri, serif;\"><span style=\"font-size: medium;\"><b>p\u00f3lizas de enfermedad establecen un per\u00edodo de carencia<\/b><\/span><\/span><span style=\"font-family: Calibri, serif;\"><span style=\"font-size: medium;\">, es decir, un plazo desde la contrataci\u00f3n del seguro durante el que no est\u00e1 cubierto el riesgo. Esta cl\u00e1usula hay que aceptarla expresamente por escrito y tiene que ser redactada de forma clara y precisa.<\/span><\/span><\/li>\n<\/ul>\n<ul>\n<li><span style=\"font-family: Calibri, serif;\"><span style=\"font-size: medium;\">Tambi\u00e9n se requiere que el <\/span><\/span><span style=\"font-family: Calibri, serif;\"><span style=\"font-size: medium;\"><b>solicitante de un seguro de salud declare las enfermedades preexistentes que pueda tener. <\/b><\/span><\/span><span style=\"font-family: Calibri, serif;\"><span style=\"font-size: medium;\">Igualmente, se consulta al paciente sobre aquellos h\u00e1bitos que puedan afectar la salud del paciente en el futuro, como por ejemplo, el tabaquismo o la presencia de una enfermedad hereditaria en el n\u00facleo familiar.<\/span><\/span><\/li>\n<\/ul>\n<ul>\n<li><span style=\"font-family: Calibri, serif;\"><span style=\"font-size: medium;\">Otra caracter\u00edstica esencial de los seguros de enfermedad es que, normalmente, este establece una compensaci\u00f3n econ\u00f3mica al asegurado por la p\u00e9rdida de la capacidad de obtener ingresos durante el tiempo durante el que se prolongue la enfermedad. Con respecto a esto, existen varias posibilidades:<\/span><\/span><\/li>\n<\/ul>\n<ol>\n<li><span style=\"font-family: Calibri, serif;\"><span style=\"font-size: medium;\">Algunas p\u00f3lizas se encargan de ofrecer al asegurado el pago de una indemnizaci\u00f3n temporal durante los d\u00edas en los que se prolongue la incapacidad, hasta un periodo m\u00e1ximo. <\/span><\/span><\/li>\n<li><span style=\"font-family: Calibri, serif;\"><span style=\"font-size: medium;\">Otras, en cambio, solo ofrecen esta cobertura durante el tiempo de hospitalizaci\u00f3n. <\/span><\/span><\/li>\n<li><span style=\"font-family: Calibri, serif;\"><span style=\"font-size: medium;\">Tambi\u00e9n existen p\u00f3lizas que pagan al asegurado un capital en concepto de indemnizaci\u00f3n en el supuesto de invalidez permanente o enfermedades muy graves, tales como, c\u00e1ncer o ciertas patolog\u00edas cardiovasculares.<\/span><\/span><\/li>\n<\/ol>\n<h2><span style=\"font-family: Calibri, serif;\"><b>\u00bfQu\u00e9 tipos de cobertura tienen los seguros de enfermedad?<\/b><\/span><\/h2>\n<p><span style=\"font-family: Calibri, serif;\"><span style=\"font-size: medium;\">Al igual que el resto de seguros, los de enfermedad incluyen diferentes tipos de coberturas que ser\u00e1 necesario conocer antes de su correspondiente contrataci\u00f3n. Normalmente, estos son los tres tipos de servicios que los seguros de enfermedad garantizan a sus asegurados:<\/span><\/span><\/p>\n<ul>\n<li><span style=\"font-family: Calibri, serif;\"><span style=\"font-size: medium;\"><b>Asistencia m\u00e9dica. <\/b><\/span><\/span><span style=\"font-family: Calibri, serif;\"><span style=\"font-size: medium;\">La aseguradora asume los gastos m\u00e9dicos necesarios para que el cliente sea atendido. <\/span><\/span><\/li>\n<li><span style=\"font-family: Calibri, serif;\"><span style=\"font-size: medium;\"><b>Reembolso<\/b><\/span><\/span><span style=\"font-family: Calibri, serif;\"><span style=\"font-size: medium;\">. El beneficiario acude al centro en el que desea ser atendido y el cual est\u00e9 incluido dentro del <\/span><\/span><a href=\"https:\/\/masqueseguro.es\/blog\/dudas\/que-es-un-cuadro-medico-y-como-analizarlo-mas-que-seguro\/\"><span style=\"color: #1155cc;\"><span style=\"font-family: Calibri, serif;\"><span style=\"font-size: medium;\"><u><b>cuadro m\u00e9dico<\/b><\/u><\/span><\/span><\/span><\/a><span style=\"font-family: Calibri, serif;\"><span style=\"font-size: medium;\"> del seguro. Posteriormente, presentar\u00e1 la factura y el respectivo informe m\u00e9dico a su aseguradora, la cual le retribuir\u00e1 el dinero gastado.<\/span><\/span><\/li>\n<li><span style=\"font-family: Calibri, serif;\"><span style=\"font-size: medium;\"><b>Indemnizaci\u00f3n<\/b><\/span><\/span><span style=\"font-family: Calibri, serif;\"><span style=\"font-size: medium;\">. El asegurado recibe una compensaci\u00f3n econ\u00f3mica por verse obligado a cesar en sus actividades laborales. Esto se dar\u00e1 en caso de incapacidad temporal, hospitalizaci\u00f3n o intervenci\u00f3n quir\u00fargica.<\/span><\/span><\/li>\n<\/ul>\n<h2><span style=\"font-family: Calibri, serif;\"><b>Principales diferencias entre seguros de enfermedad y seguros de asistencia sanitaria<\/b><\/span><\/h2>\n<p><span style=\"font-family: Calibri, serif;\"><span style=\"font-size: medium;\">A continuaci\u00f3n, se mencionan algunas de las principales diferencias que existen entre los seguros de enfermedad y los seguros de asistencia sanitaria.<\/span><\/span><\/p>\n<ul>\n<li><span style=\"font-family: Calibri, serif;\"><span style=\"font-size: medium;\">Mientras que el <\/span><\/span><span style=\"font-family: Calibri, serif;\"><span style=\"font-size: medium;\"><b>seguro de enfermedad <\/b><\/span><\/span><span style=\"font-family: Calibri, serif;\"><span style=\"font-size: medium;\">obliga a la compa\u00f1\u00eda a cubrir ciertos gastos referentes a la asistencia m\u00e9dica y farmac\u00e9utica, en el <\/span><\/span><span style=\"font-family: Calibri, serif;\"><span style=\"font-size: medium;\"><b>seguro de asistencia sanitaria<\/b><\/span><\/span><span style=\"font-family: Calibri, serif;\"><span style=\"font-size: medium;\"> el asegurador estar\u00e1 obligado a prestar al asegurado servicios de atenci\u00f3n sanitaria, bien a trav\u00e9s de su propia estructura, o bien mediante el pago de los gastos ocasionados.<\/span><\/span><\/li>\n<\/ul>\n<ul>\n<li><span style=\"font-family: Calibri, serif;\"><span style=\"font-size: medium;\">En el seguro de <\/span><\/span><span style=\"font-family: Calibri, serif;\"><span style=\"font-size: medium;\"><b>asistencia sanitaria, la prestaci\u00f3n consiste en asumir los gastos derivados <\/b><\/span><\/span><span style=\"font-family: Calibri, serif;\"><span style=\"font-size: medium;\">de la asistencia m\u00e9dica, bien pagando directamente al profesional m\u00e9dico, o bien reembolsando al asegurado los gastos en los que haya incurrido.<\/span><\/span><\/li>\n<\/ul>\n<p><span style=\"font-family: Calibri, serif;\"><span style=\"font-size: medium;\">Es habitual que, en los seguros de asistencia sanitaria, <\/span><\/span><span style=\"font-family: Calibri, serif;\"><span style=\"font-size: medium;\"><b>el asegurado asuma una peque\u00f1a participaci\u00f3n final en el coste de la asistencia m\u00e9dica.<\/b><\/span><\/span><span style=\"font-family: Calibri, serif;\"><span style=\"font-size: medium;\"> Esto es lo que se conoce como <\/span><\/span><span style=\"font-family: Calibri, serif;\"><span style=\"font-size: medium;\"><b>copago<\/b><\/span><\/span><span style=\"font-family: Calibri, serif;\"><span style=\"font-size: medium;\">. Las condiciones del copago deben estar expresadas por escrito con claridad y precisi\u00f3n.<\/span><\/span><\/p>\n<ul>\n<li><span style=\"font-family: Calibri, serif;\"><span style=\"font-size: medium;\">Pese a que comparten elementos comunes, los seguros de enfermedad y de asistencia sanitaria son dos modalidades de seguro diferentes. El seguro de enfermedad es m\u00e1s amplio, ya que no solo <\/span><\/span><span style=\"font-family: Calibri, serif;\"><span style=\"font-size: medium;\"><b>abarca las consultas m\u00e9dicas y los tratamientos, sino las indemnizaciones correspondientes.<\/b><\/span><\/span><\/li>\n<\/ul>\n<p><span style=\"font-family: Calibri, serif;\"><span style=\"font-size: medium;\">Por tanto, un seguro de enfermedad te brinda tranquilidad a la hora de realizar todas tus actividades diarias, ya que en caso de enfermedad, patolog\u00eda o accidente te cubrir\u00e1 tanto los gastos m\u00e9dicos, como las indemnizaciones correspondientes. Definitivamente, <\/span><\/span><span style=\"font-family: Calibri, serif;\"><span style=\"font-size: medium;\"><b>contratar un seguro de enfermedad <\/b><\/span><\/span><span style=\"font-family: Calibri, serif;\"><span style=\"font-size: medium;\">supone una decisi\u00f3n responsable para estar protegido ante cualquiera de las patolog\u00edas que est\u00e9n recogidas en la p\u00f3liza. \u00a1<\/span><\/span><a href=\"https:\/\/masqueseguro.es\/#_contact\"><span style=\"color: #1155cc;\"><span style=\"font-family: Calibri, serif;\"><span style=\"font-size: medium;\"><u><b>Contacta<\/b><\/u><\/span><\/span><\/span><\/a> <span style=\"font-family: Calibri, serif;\"><span style=\"font-size: medium;\"><b>con nosotros<\/b><\/span><\/span><span style=\"font-family: Calibri, serif;\"><span style=\"font-size: medium;\"> para resolver cualquier tipo de duda o para contratar el Seguro de Salud que mejor se adapte a tus necesidades!<\/span><\/span><\/p>\n","protected":false},"excerpt":{"rendered":"<p>\u00bfQu\u00e9 es el Seguro de Enfermedad y qu\u00e9 coberturas tiene? [&hellip;]<\/p>\n","protected":false},"author":1,"featured_media":180,"comment_status":"open","ping_status":"open","sticky":false,"template":"","format":"standard","meta":[],"categories":[6],"tags":[],"yoast_head":"<!-- This site is optimized with the Yoast SEO plugin v19.9 - https:\/\/yoast.com\/wordpress\/plugins\/seo\/ -->\n<title>\u00bfPor qu\u00e9 contratar el Seguro de Enfermedad? | M\u00e1s Que Seguro - M&aacute;s que Seguro<\/title>\n<meta name=\"robots\" content=\"index, follow, max-snippet:-1, max-image-preview:large, max-video-preview:-1\" \/>\n<link rel=\"canonical\" href=\"https:\/\/masqueseguro.es\/blog\/coberturas\/por-que-contratar-el-seguro-de-enfermedad-mas-que-seguro\/\" \/>\n<meta property=\"og:locale\" content=\"es_ES\" \/>\n<meta property=\"og:type\" content=\"article\" \/>\n<meta property=\"og:title\" content=\"\u00bfPor qu\u00e9 contratar el Seguro de Enfermedad? | M\u00e1s Que Seguro - M&aacute;s que Seguro\" \/>\n<meta property=\"og:description\" content=\"\u00bfQu\u00e9 es el Seguro de Enfermedad y qu\u00e9 coberturas tiene? [&hellip;]\" \/>\n<meta property=\"og:url\" content=\"https:\/\/masqueseguro.es\/blog\/coberturas\/por-que-contratar-el-seguro-de-enfermedad-mas-que-seguro\/\" \/>\n<meta property=\"og:site_name\" content=\"M&aacute;s que Seguro\" \/>\n<meta property=\"article:publisher\" content=\"https:\/\/www.facebook.com\/masqueseguro.es\" \/>\n<meta property=\"article:published_time\" content=\"2022-07-30T14:03:08+00:00\" \/>\n<meta property=\"og:image\" content=\"https:\/\/masqueseguro.es\/blog\/wp-content\/uploads\/2022\/07\/que-es-un-seguro-de-enfermedad.png\" \/>\n\t<meta property=\"og:image:width\" content=\"600\" \/>\n\t<meta property=\"og:image:height\" content=\"388\" \/>\n\t<meta property=\"og:image:type\" content=\"image\/png\" \/>\n<meta name=\"author\" content=\"MasQueSeguro\" \/>\n<meta name=\"twitter:card\" content=\"summary_large_image\" \/>\n<meta name=\"twitter:label1\" content=\"Escrito por\" \/>\n\t<meta name=\"twitter:data1\" content=\"MasQueSeguro\" \/>\n\t<meta name=\"twitter:label2\" content=\"Tiempo de lectura\" \/>\n\t<meta name=\"twitter:data2\" content=\"5 minutos\" \/>\n<script type=\"application\/ld+json\" class=\"yoast-schema-graph\">{\"@context\":\"https:\/\/schema.org\",\"@graph\":[{\"@type\":\"Article\",\"@id\":\"https:\/\/masqueseguro.es\/blog\/coberturas\/por-que-contratar-el-seguro-de-enfermedad-mas-que-seguro\/#article\",\"isPartOf\":{\"@id\":\"https:\/\/masqueseguro.es\/blog\/coberturas\/por-que-contratar-el-seguro-de-enfermedad-mas-que-seguro\/\"},\"author\":{\"name\":\"MasQueSeguro\",\"@id\":\"http:\/\/masqueseguro.es\/blog\/#\/schema\/person\/f9a2c808e321d7f923abec7187d38c22\"},\"headline\":\"\u00bfPor qu\u00e9 contratar el Seguro de Enfermedad? | M\u00e1s Que Seguro\",\"datePublished\":\"2022-07-30T14:03:08+00:00\",\"dateModified\":\"2022-07-30T14:03:08+00:00\",\"mainEntityOfPage\":{\"@id\":\"https:\/\/masqueseguro.es\/blog\/coberturas\/por-que-contratar-el-seguro-de-enfermedad-mas-que-seguro\/\"},\"wordCount\":986,\"commentCount\":0,\"publisher\":{\"@id\":\"http:\/\/masqueseguro.es\/blog\/#organization\"},\"articleSection\":[\"Coberturas\"],\"inLanguage\":\"es\",\"potentialAction\":[{\"@type\":\"CommentAction\",\"name\":\"Comment\",\"target\":[\"https:\/\/masqueseguro.es\/blog\/coberturas\/por-que-contratar-el-seguro-de-enfermedad-mas-que-seguro\/#respond\"]}]},{\"@type\":\"WebPage\",\"@id\":\"https:\/\/masqueseguro.es\/blog\/coberturas\/por-que-contratar-el-seguro-de-enfermedad-mas-que-seguro\/\",\"url\":\"https:\/\/masqueseguro.es\/blog\/coberturas\/por-que-contratar-el-seguro-de-enfermedad-mas-que-seguro\/\",\"name\":\"\u00bfPor qu\u00e9 contratar el Seguro de Enfermedad? | M\u00e1s Que Seguro - M&aacute;s que Seguro\",\"isPartOf\":{\"@id\":\"http:\/\/masqueseguro.es\/blog\/#website\"},\"datePublished\":\"2022-07-30T14:03:08+00:00\",\"dateModified\":\"2022-07-30T14:03:08+00:00\",\"breadcrumb\":{\"@id\":\"https:\/\/masqueseguro.es\/blog\/coberturas\/por-que-contratar-el-seguro-de-enfermedad-mas-que-seguro\/#breadcrumb\"},\"inLanguage\":\"es\",\"potentialAction\":[{\"@type\":\"ReadAction\",\"target\":[\"https:\/\/masqueseguro.es\/blog\/coberturas\/por-que-contratar-el-seguro-de-enfermedad-mas-que-seguro\/\"]}]},{\"@type\":\"BreadcrumbList\",\"@id\":\"https:\/\/masqueseguro.es\/blog\/coberturas\/por-que-contratar-el-seguro-de-enfermedad-mas-que-seguro\/#breadcrumb\",\"itemListElement\":[{\"@type\":\"ListItem\",\"position\":1,\"name\":\"Portada\",\"item\":\"http:\/\/masqueseguro.es\/blog\/\"},{\"@type\":\"ListItem\",\"position\":2,\"name\":\"\u00bfPor qu\u00e9 contratar el Seguro de Enfermedad? | M\u00e1s Que Seguro\"}]},{\"@type\":\"WebSite\",\"@id\":\"http:\/\/masqueseguro.es\/blog\/#website\",\"url\":\"http:\/\/masqueseguro.es\/blog\/\",\"name\":\"M&aacute;s que Seguro\",\"description\":\"Actualidad M&aacute;s que Seguro\",\"publisher\":{\"@id\":\"http:\/\/masqueseguro.es\/blog\/#organization\"},\"potentialAction\":[{\"@type\":\"SearchAction\",\"target\":{\"@type\":\"EntryPoint\",\"urlTemplate\":\"http:\/\/masqueseguro.es\/blog\/?s={search_term_string}\"},\"query-input\":\"required name=search_term_string\"}],\"inLanguage\":\"es\"},{\"@type\":\"Organization\",\"@id\":\"http:\/\/masqueseguro.es\/blog\/#organization\",\"name\":\"M\u00e1s que Seguro\",\"url\":\"http:\/\/masqueseguro.es\/blog\/\",\"logo\":{\"@type\":\"ImageObject\",\"inLanguage\":\"es\",\"@id\":\"http:\/\/masqueseguro.es\/blog\/#\/schema\/logo\/image\/\",\"url\":\"https:\/\/masqueseguro.es\/blog\/wp-content\/uploads\/2022\/11\/logo-combinado.png\",\"contentUrl\":\"https:\/\/masqueseguro.es\/blog\/wp-content\/uploads\/2022\/11\/logo-combinado.png\",\"width\":278,\"height\":50,\"caption\":\"M\u00e1s que Seguro\"},\"image\":{\"@id\":\"http:\/\/masqueseguro.es\/blog\/#\/schema\/logo\/image\/\"},\"sameAs\":[\"https:\/\/www.facebook.com\/masqueseguro.es\"]},{\"@type\":\"Person\",\"@id\":\"http:\/\/masqueseguro.es\/blog\/#\/schema\/person\/f9a2c808e321d7f923abec7187d38c22\",\"name\":\"MasQueSeguro\",\"image\":{\"@type\":\"ImageObject\",\"inLanguage\":\"es\",\"@id\":\"http:\/\/masqueseguro.es\/blog\/#\/schema\/person\/image\/\",\"url\":\"https:\/\/secure.gravatar.com\/avatar\/61c067d118519e691a5577cdd441976d?s=96&d=mm&r=g\",\"contentUrl\":\"https:\/\/secure.gravatar.com\/avatar\/61c067d118519e691a5577cdd441976d?s=96&d=mm&r=g\",\"caption\":\"MasQueSeguro\"},\"url\":\"https:\/\/masqueseguro.es\/blog\/author\/admin\/\"}]}<\/script>\n<!-- \/ Yoast SEO plugin. -->","yoast_head_json":{"title":"\u00bfPor qu\u00e9 contratar el Seguro de Enfermedad? | M\u00e1s Que Seguro - M&aacute;s que Seguro","robots":{"index":"index","follow":"follow","max-snippet":"max-snippet:-1","max-image-preview":"max-image-preview:large","max-video-preview":"max-video-preview:-1"},"canonical":"https:\/\/masqueseguro.es\/blog\/coberturas\/por-que-contratar-el-seguro-de-enfermedad-mas-que-seguro\/","og_locale":"es_ES","og_type":"article","og_title":"\u00bfPor qu\u00e9 contratar el Seguro de Enfermedad? | M\u00e1s Que Seguro - M&aacute;s que Seguro","og_description":"\u00bfQu\u00e9 es el Seguro de Enfermedad y qu\u00e9 coberturas tiene? [&hellip;]","og_url":"https:\/\/masqueseguro.es\/blog\/coberturas\/por-que-contratar-el-seguro-de-enfermedad-mas-que-seguro\/","og_site_name":"M&aacute;s que Seguro","article_publisher":"https:\/\/www.facebook.com\/masqueseguro.es","article_published_time":"2022-07-30T14:03:08+00:00","og_image":[{"width":600,"height":388,"url":"https:\/\/masqueseguro.es\/blog\/wp-content\/uploads\/2022\/07\/que-es-un-seguro-de-enfermedad.png","type":"image\/png"}],"author":"MasQueSeguro","twitter_card":"summary_large_image","twitter_misc":{"Escrito por":"MasQueSeguro","Tiempo de lectura":"5 minutos"},"schema":{"@context":"https:\/\/schema.org","@graph":[{"@type":"Article","@id":"https:\/\/masqueseguro.es\/blog\/coberturas\/por-que-contratar-el-seguro-de-enfermedad-mas-que-seguro\/#article","isPartOf":{"@id":"https:\/\/masqueseguro.es\/blog\/coberturas\/por-que-contratar-el-seguro-de-enfermedad-mas-que-seguro\/"},"author":{"name":"MasQueSeguro","@id":"http:\/\/masqueseguro.es\/blog\/#\/schema\/person\/f9a2c808e321d7f923abec7187d38c22"},"headline":"\u00bfPor qu\u00e9 contratar el Seguro de Enfermedad? | M\u00e1s Que Seguro","datePublished":"2022-07-30T14:03:08+00:00","dateModified":"2022-07-30T14:03:08+00:00","mainEntityOfPage":{"@id":"https:\/\/masqueseguro.es\/blog\/coberturas\/por-que-contratar-el-seguro-de-enfermedad-mas-que-seguro\/"},"wordCount":986,"commentCount":0,"publisher":{"@id":"http:\/\/masqueseguro.es\/blog\/#organization"},"articleSection":["Coberturas"],"inLanguage":"es","potentialAction":[{"@type":"CommentAction","name":"Comment","target":["https:\/\/masqueseguro.es\/blog\/coberturas\/por-que-contratar-el-seguro-de-enfermedad-mas-que-seguro\/#respond"]}]},{"@type":"WebPage","@id":"https:\/\/masqueseguro.es\/blog\/coberturas\/por-que-contratar-el-seguro-de-enfermedad-mas-que-seguro\/","url":"https:\/\/masqueseguro.es\/blog\/coberturas\/por-que-contratar-el-seguro-de-enfermedad-mas-que-seguro\/","name":"\u00bfPor qu\u00e9 contratar el Seguro de Enfermedad? | M\u00e1s Que Seguro - M&aacute;s que Seguro","isPartOf":{"@id":"http:\/\/masqueseguro.es\/blog\/#website"},"datePublished":"2022-07-30T14:03:08+00:00","dateModified":"2022-07-30T14:03:08+00:00","breadcrumb":{"@id":"https:\/\/masqueseguro.es\/blog\/coberturas\/por-que-contratar-el-seguro-de-enfermedad-mas-que-seguro\/#breadcrumb"},"inLanguage":"es","potentialAction":[{"@type":"ReadAction","target":["https:\/\/masqueseguro.es\/blog\/coberturas\/por-que-contratar-el-seguro-de-enfermedad-mas-que-seguro\/"]}]},{"@type":"BreadcrumbList","@id":"https:\/\/masqueseguro.es\/blog\/coberturas\/por-que-contratar-el-seguro-de-enfermedad-mas-que-seguro\/#breadcrumb","itemListElement":[{"@type":"ListItem","position":1,"name":"Portada","item":"http:\/\/masqueseguro.es\/blog\/"},{"@type":"ListItem","position":2,"name":"\u00bfPor qu\u00e9 contratar el Seguro de Enfermedad? | M\u00e1s Que Seguro"}]},{"@type":"WebSite","@id":"http:\/\/masqueseguro.es\/blog\/#website","url":"http:\/\/masqueseguro.es\/blog\/","name":"M&aacute;s que Seguro","description":"Actualidad M&aacute;s que Seguro","publisher":{"@id":"http:\/\/masqueseguro.es\/blog\/#organization"},"potentialAction":[{"@type":"SearchAction","target":{"@type":"EntryPoint","urlTemplate":"http:\/\/masqueseguro.es\/blog\/?s={search_term_string}"},"query-input":"required name=search_term_string"}],"inLanguage":"es"},{"@type":"Organization","@id":"http:\/\/masqueseguro.es\/blog\/#organization","name":"M\u00e1s que Seguro","url":"http:\/\/masqueseguro.es\/blog\/","logo":{"@type":"ImageObject","inLanguage":"es","@id":"http:\/\/masqueseguro.es\/blog\/#\/schema\/logo\/image\/","url":"https:\/\/masqueseguro.es\/blog\/wp-content\/uploads\/2022\/11\/logo-combinado.png","contentUrl":"https:\/\/masqueseguro.es\/blog\/wp-content\/uploads\/2022\/11\/logo-combinado.png","width":278,"height":50,"caption":"M\u00e1s que Seguro"},"image":{"@id":"http:\/\/masqueseguro.es\/blog\/#\/schema\/logo\/image\/"},"sameAs":["https:\/\/www.facebook.com\/masqueseguro.es"]},{"@type":"Person","@id":"http:\/\/masqueseguro.es\/blog\/#\/schema\/person\/f9a2c808e321d7f923abec7187d38c22","name":"MasQueSeguro","image":{"@type":"ImageObject","inLanguage":"es","@id":"http:\/\/masqueseguro.es\/blog\/#\/schema\/person\/image\/","url":"https:\/\/secure.gravatar.com\/avatar\/61c067d118519e691a5577cdd441976d?s=96&d=mm&r=g","contentUrl":"https:\/\/secure.gravatar.com\/avatar\/61c067d118519e691a5577cdd441976d?s=96&d=mm&r=g","caption":"MasQueSeguro"},"url":"https:\/\/masqueseguro.es\/blog\/author\/admin\/"}]}},"_links":{"self":[{"href":"https:\/\/masqueseguro.es\/blog\/wp-json\/wp\/v2\/posts\/178"}],"collection":[{"href":"https:\/\/masqueseguro.es\/blog\/wp-json\/wp\/v2\/posts"}],"about":[{"href":"https:\/\/masqueseguro.es\/blog\/wp-json\/wp\/v2\/types\/post"}],"author":[{"embeddable":true,"href":"https:\/\/masqueseguro.es\/blog\/wp-json\/wp\/v2\/users\/1"}],"replies":[{"embeddable":true,"href":"https:\/\/masqueseguro.es\/blog\/wp-json\/wp\/v2\/comments?post=178"}],"version-history":[{"count":1,"href":"https:\/\/masqueseguro.es\/blog\/wp-json\/wp\/v2\/posts\/178\/revisions"}],"predecessor-version":[{"id":181,"href":"https:\/\/masqueseguro.es\/blog\/wp-json\/wp\/v2\/posts\/178\/revisions\/181"}],"wp:featuredmedia":[{"embeddable":true,"href":"https:\/\/masqueseguro.es\/blog\/wp-json\/wp\/v2\/media\/180"}],"wp:attachment":[{"href":"https:\/\/masqueseguro.es\/blog\/wp-json\/wp\/v2\/media?parent=178"}],"wp:term":[{"taxonomy":"category","embeddable":true,"href":"https:\/\/masqueseguro.es\/blog\/wp-json\/wp\/v2\/categories?post=178"},{"taxonomy":"post_tag","embeddable":true,"href":"https:\/\/masqueseguro.es\/blog\/wp-json\/wp\/v2\/tags?post=178"}],"curies":[{"name":"wp","href":"https:\/\/api.w.org\/{rel}","templated":true}]}}