{"id":138,"date":"2020-02-24T21:00:15","date_gmt":"2020-02-24T21:00:15","guid":{"rendered":"http:\/\/masqueseguro.es\/blog\/?p=138"},"modified":"2022-11-03T19:47:21","modified_gmt":"2022-11-03T19:47:21","slug":"gripe-resfriado-y-las-largas-esperas","status":"publish","type":"post","link":"https:\/\/masqueseguro.es\/blog\/salud-y-bienestar\/gripe-resfriado-y-las-largas-esperas\/","title":{"rendered":"Gripe, resfriado y las largas esperas"},"content":{"rendered":"<p align=\"justify\"><span style=\"font-size: medium;\">\u00bfCu\u00e1ntas veces hemos sentido los molestos s\u00edntomas de un resfriado? Malestar general, dolor de cabeza, congesti\u00f3n nasal, irritaci\u00f3n ocular\u2026 s\u00edntomas que podemos llegar a confundir con una gripe, aunque sabemos que los s\u00edntomas de \u00e9sta \u00faltima, son m\u00e1s intensos y acompa\u00f1ados de fiebre alta, pudiendo desencadenar problemas m\u00e1s serios, como procesos infecciosos que afecten al sistema respiratorio.<\/span><\/p>\n<p align=\"justify\"><span style=\"font-size: medium;\">Pero, \u00bfc\u00f3mo confirmar si es gripe o un simple resfriado? Al compartir sintomatolog\u00eda, debemos dejar en manos de los profesionales sanitarios el confirmar el diagn\u00f3stico. Es importante no auto medicarse, ya que \u00e9sta tendencia, cada vez m\u00e1s extendida en nuestro pa\u00eds, no est\u00e1 exenta de riegos. Aunque lo hagamos con medicamentos que no precisen prescripci\u00f3n m\u00e9dica, siguen siendo medicamentos y no son inocuos. M\u00e1s a\u00fan si lo hacemos con antibi\u00f3ticos, medicaci\u00f3n para tratar infecciones bacterianas que no s\u00f3lo no servir\u00e1n para tratar ni curar los s\u00edntomas de un proceso v\u00edrico, sino que adem\u00e1s puede agravar tu estado, a\u00f1adiendo los efectos secundarios de \u00e9sta medicaci\u00f3n.<\/span><\/p>\n<p align=\"justify\"><span style=\"font-size: medium;\">Por tanto, \u00bfqu\u00e9 debemos hacer? <\/span><span style=\"font-size: medium;\"><b>Pedir cita con el m\u00e9dico de cabecera<\/b><\/span><span style=\"font-size: medium;\">. Para que sea \u00e9l, quien nos diagnostique y trate de la forma correcta. Y \u00bfqu\u00e9 problema nos encontramos? La espera<\/span><\/p>\n<p align=\"justify\"><span style=\"font-size: medium;\">La media de espera en Espa\u00f1a, para medicina primaria en la seguridad social es de casi 3 d\u00edas llegando hasta los 7 en determinadas Comunidades Aut\u00f3nomas. Y cuando nos sentimos mal, cualquier tiempo de espera nos parece mucho. Como solemos decir\u2026. \u201cCuando me visite el m\u00e9dico, ya estar\u00e9 curado\u201d<\/span><\/p>\n<p align=\"justify\"><span style=\"font-size: medium;\">Y es cuando optamos por acudir a los servicios de urgencia, satur\u00e1ndolos a\u00fan m\u00e1s\u2026 y es el pez que se muerde la cola. <\/span><\/p>\n<p align=\"justify\"><span style=\"font-size: medium;\">Los seguros m\u00e9dicos ofrecen una gran agilidad para concertar cita en medicina general, pudiendo dar soporte a \u00e9ste gran n\u00famero de usuarios que precisan la visita de un especialista de forma r\u00e1pida, para poder diagnosticar de forma correcta, evitar la auto medicaci\u00f3n y la saturaci\u00f3n de las salas de Urgencias. <\/span><\/p>\n<p align=\"justify\"><span style=\"font-size: medium;\">Adeslas cuenta con un cuadro m\u00e9dico de m\u00e1s de 43.000 especialistas, entre ellos medicina general e interna, a los que podr\u00e1s acudir desde el primer d\u00eda, sin tener uno asignado, t\u00fa eliges qui\u00e9n o quienes ser\u00e1n tus m\u00e9dicos de cabecera seg\u00fan tus preferencias y disponibilidad de horario.<\/span><\/p>\n<p align=\"justify\"><span style=\"font-size: medium;\">De \u00e9ste modo, tendr\u00e1s tu diagn\u00f3stico y tratamiento correcto desde el primer d\u00eda, aliviando los s\u00edntomas, interrumpiendo tu d\u00eda a d\u00eda lo menos posible, evitando que desencadene en algo m\u00e1s grave y dejando los servicios de Urgencias para lo que est\u00e1n destinados. Y poder seguir disfrutando de lo importante.<\/span><\/p>\n<p align=\"justify\"><span style=\"font-size: medium;\">Adeslas te ofrece seguros m\u00e9dicos desde 12,50\u20ac al mes. Preg\u00fantanos y te informamos<\/span><\/p>\n","protected":false},"excerpt":{"rendered":"<p>\u00bfCu\u00e1ntas veces hemos sentido los molestos s\u00edntomas de un resfriado? [&hellip;]<\/p>\n","protected":false},"author":1,"featured_media":139,"comment_status":"open","ping_status":"open","sticky":false,"template":"","format":"standard","meta":[],"categories":[4],"tags":[],"yoast_head":"<!-- This site is optimized with the Yoast SEO plugin v19.9 - https:\/\/yoast.com\/wordpress\/plugins\/seo\/ -->\n<title>Seguro M\u00e9dico Privado. Evitas las esperas | M\u00e1s Que Seguro<\/title>\n<meta name=\"robots\" content=\"index, follow, max-snippet:-1, max-image-preview:large, max-video-preview:-1\" \/>\n<link rel=\"canonical\" href=\"https:\/\/masqueseguro.es\/blog\/salud-y-bienestar\/gripe-resfriado-y-las-largas-esperas\/\" \/>\n<meta property=\"og:locale\" content=\"es_ES\" \/>\n<meta property=\"og:type\" content=\"article\" \/>\n<meta property=\"og:title\" content=\"Seguro M\u00e9dico Privado. Evitas las esperas | M\u00e1s Que Seguro\" \/>\n<meta property=\"og:description\" content=\"\u00bfCu\u00e1ntas veces hemos sentido los molestos s\u00edntomas de un resfriado? [&hellip;]\" \/>\n<meta property=\"og:url\" content=\"https:\/\/masqueseguro.es\/blog\/salud-y-bienestar\/gripe-resfriado-y-las-largas-esperas\/\" \/>\n<meta property=\"og:site_name\" content=\"M&aacute;s que Seguro\" \/>\n<meta property=\"article:publisher\" content=\"https:\/\/www.facebook.com\/masqueseguro.es\" \/>\n<meta property=\"article:published_time\" content=\"2020-02-24T21:00:15+00:00\" \/>\n<meta property=\"article:modified_time\" content=\"2022-11-03T19:47:21+00:00\" \/>\n<meta property=\"og:image\" content=\"https:\/\/masqueseguro.es\/blog\/wp-content\/uploads\/2020\/02\/sala-espera.jpg\" \/>\n\t<meta property=\"og:image:width\" content=\"547\" \/>\n\t<meta property=\"og:image:height\" content=\"364\" \/>\n\t<meta property=\"og:image:type\" content=\"image\/jpeg\" \/>\n<meta name=\"author\" content=\"MasQueSeguro\" \/>\n<meta name=\"twitter:card\" content=\"summary_large_image\" \/>\n<meta name=\"twitter:label1\" content=\"Escrito por\" \/>\n\t<meta name=\"twitter:data1\" content=\"MasQueSeguro\" \/>\n\t<meta name=\"twitter:label2\" content=\"Tiempo de lectura\" \/>\n\t<meta name=\"twitter:data2\" content=\"2 minutos\" \/>\n<script type=\"application\/ld+json\" class=\"yoast-schema-graph\">{\"@context\":\"https:\/\/schema.org\",\"@graph\":[{\"@type\":\"Article\",\"@id\":\"https:\/\/masqueseguro.es\/blog\/salud-y-bienestar\/gripe-resfriado-y-las-largas-esperas\/#article\",\"isPartOf\":{\"@id\":\"https:\/\/masqueseguro.es\/blog\/salud-y-bienestar\/gripe-resfriado-y-las-largas-esperas\/\"},\"author\":{\"name\":\"MasQueSeguro\",\"@id\":\"http:\/\/masqueseguro.es\/blog\/#\/schema\/person\/f9a2c808e321d7f923abec7187d38c22\"},\"headline\":\"Gripe, resfriado y las largas esperas\",\"datePublished\":\"2020-02-24T21:00:15+00:00\",\"dateModified\":\"2022-11-03T19:47:21+00:00\",\"mainEntityOfPage\":{\"@id\":\"https:\/\/masqueseguro.es\/blog\/salud-y-bienestar\/gripe-resfriado-y-las-largas-esperas\/\"},\"wordCount\":484,\"commentCount\":0,\"publisher\":{\"@id\":\"http:\/\/masqueseguro.es\/blog\/#organization\"},\"articleSection\":[\"Salud y Bienestar\"],\"inLanguage\":\"es\",\"potentialAction\":[{\"@type\":\"CommentAction\",\"name\":\"Comment\",\"target\":[\"https:\/\/masqueseguro.es\/blog\/salud-y-bienestar\/gripe-resfriado-y-las-largas-esperas\/#respond\"]}]},{\"@type\":\"WebPage\",\"@id\":\"https:\/\/masqueseguro.es\/blog\/salud-y-bienestar\/gripe-resfriado-y-las-largas-esperas\/\",\"url\":\"https:\/\/masqueseguro.es\/blog\/salud-y-bienestar\/gripe-resfriado-y-las-largas-esperas\/\",\"name\":\"Seguro M\u00e9dico Privado. Evitas las esperas | M\u00e1s Que Seguro\",\"isPartOf\":{\"@id\":\"http:\/\/masqueseguro.es\/blog\/#website\"},\"datePublished\":\"2020-02-24T21:00:15+00:00\",\"dateModified\":\"2022-11-03T19:47:21+00:00\",\"breadcrumb\":{\"@id\":\"https:\/\/masqueseguro.es\/blog\/salud-y-bienestar\/gripe-resfriado-y-las-largas-esperas\/#breadcrumb\"},\"inLanguage\":\"es\",\"potentialAction\":[{\"@type\":\"ReadAction\",\"target\":[\"https:\/\/masqueseguro.es\/blog\/salud-y-bienestar\/gripe-resfriado-y-las-largas-esperas\/\"]}]},{\"@type\":\"BreadcrumbList\",\"@id\":\"https:\/\/masqueseguro.es\/blog\/salud-y-bienestar\/gripe-resfriado-y-las-largas-esperas\/#breadcrumb\",\"itemListElement\":[{\"@type\":\"ListItem\",\"position\":1,\"name\":\"Portada\",\"item\":\"http:\/\/masqueseguro.es\/blog\/\"},{\"@type\":\"ListItem\",\"position\":2,\"name\":\"Gripe, resfriado y las largas esperas\"}]},{\"@type\":\"WebSite\",\"@id\":\"http:\/\/masqueseguro.es\/blog\/#website\",\"url\":\"http:\/\/masqueseguro.es\/blog\/\",\"name\":\"M&aacute;s que Seguro\",\"description\":\"Actualidad M&aacute;s que Seguro\",\"publisher\":{\"@id\":\"http:\/\/masqueseguro.es\/blog\/#organization\"},\"potentialAction\":[{\"@type\":\"SearchAction\",\"target\":{\"@type\":\"EntryPoint\",\"urlTemplate\":\"http:\/\/masqueseguro.es\/blog\/?s={search_term_string}\"},\"query-input\":\"required name=search_term_string\"}],\"inLanguage\":\"es\"},{\"@type\":\"Organization\",\"@id\":\"http:\/\/masqueseguro.es\/blog\/#organization\",\"name\":\"M\u00e1s que Seguro\",\"url\":\"http:\/\/masqueseguro.es\/blog\/\",\"logo\":{\"@type\":\"ImageObject\",\"inLanguage\":\"es\",\"@id\":\"http:\/\/masqueseguro.es\/blog\/#\/schema\/logo\/image\/\",\"url\":\"https:\/\/masqueseguro.es\/blog\/wp-content\/uploads\/2022\/11\/logo-combinado.png\",\"contentUrl\":\"https:\/\/masqueseguro.es\/blog\/wp-content\/uploads\/2022\/11\/logo-combinado.png\",\"width\":278,\"height\":50,\"caption\":\"M\u00e1s que Seguro\"},\"image\":{\"@id\":\"http:\/\/masqueseguro.es\/blog\/#\/schema\/logo\/image\/\"},\"sameAs\":[\"https:\/\/www.facebook.com\/masqueseguro.es\"]},{\"@type\":\"Person\",\"@id\":\"http:\/\/masqueseguro.es\/blog\/#\/schema\/person\/f9a2c808e321d7f923abec7187d38c22\",\"name\":\"MasQueSeguro\",\"image\":{\"@type\":\"ImageObject\",\"inLanguage\":\"es\",\"@id\":\"http:\/\/masqueseguro.es\/blog\/#\/schema\/person\/image\/\",\"url\":\"https:\/\/secure.gravatar.com\/avatar\/61c067d118519e691a5577cdd441976d?s=96&d=mm&r=g\",\"contentUrl\":\"https:\/\/secure.gravatar.com\/avatar\/61c067d118519e691a5577cdd441976d?s=96&d=mm&r=g\",\"caption\":\"MasQueSeguro\"},\"url\":\"https:\/\/masqueseguro.es\/blog\/author\/admin\/\"}]}<\/script>\n<!-- \/ Yoast SEO plugin. -->","yoast_head_json":{"title":"Seguro M\u00e9dico Privado. Evitas las esperas | M\u00e1s Que Seguro","robots":{"index":"index","follow":"follow","max-snippet":"max-snippet:-1","max-image-preview":"max-image-preview:large","max-video-preview":"max-video-preview:-1"},"canonical":"https:\/\/masqueseguro.es\/blog\/salud-y-bienestar\/gripe-resfriado-y-las-largas-esperas\/","og_locale":"es_ES","og_type":"article","og_title":"Seguro M\u00e9dico Privado. Evitas las esperas | M\u00e1s Que Seguro","og_description":"\u00bfCu\u00e1ntas veces hemos sentido los molestos s\u00edntomas de un resfriado? [&hellip;]","og_url":"https:\/\/masqueseguro.es\/blog\/salud-y-bienestar\/gripe-resfriado-y-las-largas-esperas\/","og_site_name":"M&aacute;s que Seguro","article_publisher":"https:\/\/www.facebook.com\/masqueseguro.es","article_published_time":"2020-02-24T21:00:15+00:00","article_modified_time":"2022-11-03T19:47:21+00:00","og_image":[{"width":547,"height":364,"url":"https:\/\/masqueseguro.es\/blog\/wp-content\/uploads\/2020\/02\/sala-espera.jpg","type":"image\/jpeg"}],"author":"MasQueSeguro","twitter_card":"summary_large_image","twitter_misc":{"Escrito por":"MasQueSeguro","Tiempo de lectura":"2 minutos"},"schema":{"@context":"https:\/\/schema.org","@graph":[{"@type":"Article","@id":"https:\/\/masqueseguro.es\/blog\/salud-y-bienestar\/gripe-resfriado-y-las-largas-esperas\/#article","isPartOf":{"@id":"https:\/\/masqueseguro.es\/blog\/salud-y-bienestar\/gripe-resfriado-y-las-largas-esperas\/"},"author":{"name":"MasQueSeguro","@id":"http:\/\/masqueseguro.es\/blog\/#\/schema\/person\/f9a2c808e321d7f923abec7187d38c22"},"headline":"Gripe, resfriado y las largas esperas","datePublished":"2020-02-24T21:00:15+00:00","dateModified":"2022-11-03T19:47:21+00:00","mainEntityOfPage":{"@id":"https:\/\/masqueseguro.es\/blog\/salud-y-bienestar\/gripe-resfriado-y-las-largas-esperas\/"},"wordCount":484,"commentCount":0,"publisher":{"@id":"http:\/\/masqueseguro.es\/blog\/#organization"},"articleSection":["Salud y Bienestar"],"inLanguage":"es","potentialAction":[{"@type":"CommentAction","name":"Comment","target":["https:\/\/masqueseguro.es\/blog\/salud-y-bienestar\/gripe-resfriado-y-las-largas-esperas\/#respond"]}]},{"@type":"WebPage","@id":"https:\/\/masqueseguro.es\/blog\/salud-y-bienestar\/gripe-resfriado-y-las-largas-esperas\/","url":"https:\/\/masqueseguro.es\/blog\/salud-y-bienestar\/gripe-resfriado-y-las-largas-esperas\/","name":"Seguro M\u00e9dico Privado. Evitas las esperas | M\u00e1s Que Seguro","isPartOf":{"@id":"http:\/\/masqueseguro.es\/blog\/#website"},"datePublished":"2020-02-24T21:00:15+00:00","dateModified":"2022-11-03T19:47:21+00:00","breadcrumb":{"@id":"https:\/\/masqueseguro.es\/blog\/salud-y-bienestar\/gripe-resfriado-y-las-largas-esperas\/#breadcrumb"},"inLanguage":"es","potentialAction":[{"@type":"ReadAction","target":["https:\/\/masqueseguro.es\/blog\/salud-y-bienestar\/gripe-resfriado-y-las-largas-esperas\/"]}]},{"@type":"BreadcrumbList","@id":"https:\/\/masqueseguro.es\/blog\/salud-y-bienestar\/gripe-resfriado-y-las-largas-esperas\/#breadcrumb","itemListElement":[{"@type":"ListItem","position":1,"name":"Portada","item":"http:\/\/masqueseguro.es\/blog\/"},{"@type":"ListItem","position":2,"name":"Gripe, resfriado y las largas esperas"}]},{"@type":"WebSite","@id":"http:\/\/masqueseguro.es\/blog\/#website","url":"http:\/\/masqueseguro.es\/blog\/","name":"M&aacute;s que Seguro","description":"Actualidad M&aacute;s que Seguro","publisher":{"@id":"http:\/\/masqueseguro.es\/blog\/#organization"},"potentialAction":[{"@type":"SearchAction","target":{"@type":"EntryPoint","urlTemplate":"http:\/\/masqueseguro.es\/blog\/?s={search_term_string}"},"query-input":"required name=search_term_string"}],"inLanguage":"es"},{"@type":"Organization","@id":"http:\/\/masqueseguro.es\/blog\/#organization","name":"M\u00e1s que Seguro","url":"http:\/\/masqueseguro.es\/blog\/","logo":{"@type":"ImageObject","inLanguage":"es","@id":"http:\/\/masqueseguro.es\/blog\/#\/schema\/logo\/image\/","url":"https:\/\/masqueseguro.es\/blog\/wp-content\/uploads\/2022\/11\/logo-combinado.png","contentUrl":"https:\/\/masqueseguro.es\/blog\/wp-content\/uploads\/2022\/11\/logo-combinado.png","width":278,"height":50,"caption":"M\u00e1s que Seguro"},"image":{"@id":"http:\/\/masqueseguro.es\/blog\/#\/schema\/logo\/image\/"},"sameAs":["https:\/\/www.facebook.com\/masqueseguro.es"]},{"@type":"Person","@id":"http:\/\/masqueseguro.es\/blog\/#\/schema\/person\/f9a2c808e321d7f923abec7187d38c22","name":"MasQueSeguro","image":{"@type":"ImageObject","inLanguage":"es","@id":"http:\/\/masqueseguro.es\/blog\/#\/schema\/person\/image\/","url":"https:\/\/secure.gravatar.com\/avatar\/61c067d118519e691a5577cdd441976d?s=96&d=mm&r=g","contentUrl":"https:\/\/secure.gravatar.com\/avatar\/61c067d118519e691a5577cdd441976d?s=96&d=mm&r=g","caption":"MasQueSeguro"},"url":"https:\/\/masqueseguro.es\/blog\/author\/admin\/"}]}},"_links":{"self":[{"href":"https:\/\/masqueseguro.es\/blog\/wp-json\/wp\/v2\/posts\/138"}],"collection":[{"href":"https:\/\/masqueseguro.es\/blog\/wp-json\/wp\/v2\/posts"}],"about":[{"href":"https:\/\/masqueseguro.es\/blog\/wp-json\/wp\/v2\/types\/post"}],"author":[{"embeddable":true,"href":"https:\/\/masqueseguro.es\/blog\/wp-json\/wp\/v2\/users\/1"}],"replies":[{"embeddable":true,"href":"https:\/\/masqueseguro.es\/blog\/wp-json\/wp\/v2\/comments?post=138"}],"version-history":[{"count":1,"href":"https:\/\/masqueseguro.es\/blog\/wp-json\/wp\/v2\/posts\/138\/revisions"}],"predecessor-version":[{"id":140,"href":"https:\/\/masqueseguro.es\/blog\/wp-json\/wp\/v2\/posts\/138\/revisions\/140"}],"wp:featuredmedia":[{"embeddable":true,"href":"https:\/\/masqueseguro.es\/blog\/wp-json\/wp\/v2\/media\/139"}],"wp:attachment":[{"href":"https:\/\/masqueseguro.es\/blog\/wp-json\/wp\/v2\/media?parent=138"}],"wp:term":[{"taxonomy":"category","embeddable":true,"href":"https:\/\/masqueseguro.es\/blog\/wp-json\/wp\/v2\/categories?post=138"},{"taxonomy":"post_tag","embeddable":true,"href":"https:\/\/masqueseguro.es\/blog\/wp-json\/wp\/v2\/tags?post=138"}],"curies":[{"name":"wp","href":"https:\/\/api.w.org\/{rel}","templated":true}]}}