{"id":120,"date":"2019-11-14T19:50:11","date_gmt":"2019-11-14T19:50:11","guid":{"rendered":"http:\/\/masqueseguro.es\/blog\/?p=120"},"modified":"2022-11-03T19:48:16","modified_gmt":"2022-11-03T19:48:16","slug":"por-que-contratar-un-seguro-medico-privado-8-importantes-ventajas","status":"publish","type":"post","link":"https:\/\/masqueseguro.es\/blog\/coberturas\/por-que-contratar-un-seguro-medico-privado-8-importantes-ventajas\/","title":{"rendered":"\u00bfPor qu\u00e9 contratar un seguro m\u00e9dico privado? 8 importantes ventajas"},"content":{"rendered":"<p align=\"justify\">\u00bfTe encuentras en el proceso de contratar un seguro de salud privado? \u00bfTienes dudas acerca de qu\u00e9 decisi\u00f3n tomar, o por qu\u00e9 es mejor un seguro privado que acudir a la seguridad social? En este art\u00edculo te contamos 8 ventajas sobre por qu\u00e9 es interesante contar con un seguro m\u00e9dico. Conv\u00e9ncete y opta por asegurar tu salud con Adeslas.<\/p>\n<ol>\n<li>\n<p align=\"justify\"><b>R\u00e1pido diagn\u00f3stico de patolog\u00edas: <\/b>La sanidad privada puede presumir de rapidez, tambi\u00e9n a la hora de dar los resultados de las pruebas requeridas para el diagn\u00f3stico de patolog\u00edas. En este sentido, Adeslas es consciente de lo importante que es para ti conocer dichos resultados para poder comenzar un tratamiento, y por ello te aseguramos un trato excelente y la entrega de las conclusiones m\u00e9dicas a la mayor brevedad.<\/p>\n<\/li>\n<li>\n<p align=\"justify\"><b>Menor lista de espera: <\/b>por todos es conocida la problem\u00e1tica actual de la seguridad social con respecto a las largas listas de espera que hay que asumir para acceder a una consulta m\u00e9dica. Contratando un seguro privado te librar\u00e1s de sufrir ese calvario.<\/p>\n<\/li>\n<li>\n<p align=\"justify\"><b>Libertad de elecci\u00f3n de m\u00e9dico: <\/b>si tienes claro qu\u00e9 especialista quieres que te trate, no tienes por qu\u00e9 ser atendido por otro. Al contratar un seguro m\u00e9dico privado con Adeslas, te aseguramos que podr\u00e1s contar con el cuadro m\u00e9dico que t\u00fa mismo elijas. As\u00ed de sencillo.<\/p>\n<\/li>\n<li>\n<p align=\"justify\"><b>Numerosos centros a los que acudir: <\/b>el amplio cuadro m\u00e9dico que ofrecemos incluye un gran n\u00famero de centros dentro de una misma red sanitaria, lo que facilita y mucho la asistencia, est\u00e9s donde est\u00e9s.<\/p>\n<\/li>\n<li>\n<p align=\"justify\"><b>Flexibilidad de horarios: <\/b>junto a la libertad de elecci\u00f3n de m\u00e9dico y de centro, contratando un seguro m\u00e9dico privado contar\u00e1s con una gran flexibilidad de horarios, facilitando as\u00ed la conciliaci\u00f3n con el trabajo, por ejemplo.<\/p>\n<\/li>\n<li>\n<p align=\"justify\"><b>Calidad de hospitalizaci\u00f3n: <\/b>la hospitalizaci\u00f3n mediante el servicio de sanidad privado ofrece mayores comodidades. Generalmente podr\u00e1s contar con una habitaci\u00f3n individual, por ejemplo, durante tu estancia hospitalaria.<\/p>\n<\/li>\n<li><b>Acceso a coberturas adicionales: <\/b>la posibilidad de personalizaci\u00f3n del seguro m\u00e9dico es otra de las ventajas que ofrece el contratar un seguro privado. Podr\u00e1s elegir coberturas exclusivas, seg\u00fan tus necesidades.<\/li>\n<li><b>Servicios digitales: <\/b>flexibilidad y comodidad vuelven a aparecer en escena. Adeslas te permite realizar las gestiones que necesites tambi\u00e9n a trav\u00e9s del m\u00f3vil, facilitando el proceso. <b> <\/b><\/li>\n<\/ol>\n<p align=\"justify\">Tomar la decisi\u00f3n de contratar un seguro m\u00e9dico no es un paso que deba darse a la ligera, por eso estar\u00e1s interesado en conocer m\u00e1s informaci\u00f3n y las diferentes opciones que contempla Adeslas. Puedes pedirnos cualquier tipo de dato o realizarnos las consultas necesarias para llevar a cabo la mejor decisi\u00f3n\u2026 \u00a1venirte con nosotros! Adeslas es tu aseguradora de confianza.<\/p>\n","protected":false},"excerpt":{"rendered":"<p>\u00bfTe encuentras en el proceso de contratar un seguro de [&hellip;]<\/p>\n","protected":false},"author":1,"featured_media":121,"comment_status":"open","ping_status":"open","sticky":false,"template":"","format":"standard","meta":[],"categories":[6],"tags":[],"yoast_head":"<!-- This site is optimized with the Yoast SEO plugin v19.9 - https:\/\/yoast.com\/wordpress\/plugins\/seo\/ -->\n<title>Seguro M\u00e9dico Privado. \u00bfPor qu\u00e9 contratarlo? | M\u00e1s Que Seguro<\/title>\n<meta name=\"robots\" content=\"index, follow, max-snippet:-1, max-image-preview:large, max-video-preview:-1\" \/>\n<link rel=\"canonical\" href=\"https:\/\/masqueseguro.es\/blog\/coberturas\/por-que-contratar-un-seguro-medico-privado-8-importantes-ventajas\/\" \/>\n<meta property=\"og:locale\" content=\"es_ES\" \/>\n<meta property=\"og:type\" content=\"article\" \/>\n<meta property=\"og:title\" content=\"Seguro M\u00e9dico Privado. \u00bfPor qu\u00e9 contratarlo? | M\u00e1s Que Seguro\" \/>\n<meta property=\"og:description\" content=\"\u00bfTe encuentras en el proceso de contratar un seguro de [&hellip;]\" \/>\n<meta property=\"og:url\" content=\"https:\/\/masqueseguro.es\/blog\/coberturas\/por-que-contratar-un-seguro-medico-privado-8-importantes-ventajas\/\" \/>\n<meta property=\"og:site_name\" content=\"M&aacute;s que Seguro\" \/>\n<meta property=\"article:publisher\" content=\"https:\/\/www.facebook.com\/masqueseguro.es\" \/>\n<meta property=\"article:published_time\" content=\"2019-11-14T19:50:11+00:00\" \/>\n<meta property=\"article:modified_time\" content=\"2022-11-03T19:48:16+00:00\" \/>\n<meta property=\"og:image\" content=\"https:\/\/masqueseguro.es\/blog\/wp-content\/uploads\/2019\/11\/PORQUE-CONTRATAR.jpg\" \/>\n\t<meta property=\"og:image:width\" content=\"1920\" \/>\n\t<meta property=\"og:image:height\" content=\"1280\" \/>\n\t<meta property=\"og:image:type\" content=\"image\/jpeg\" \/>\n<meta name=\"author\" content=\"MasQueSeguro\" \/>\n<meta name=\"twitter:card\" content=\"summary_large_image\" \/>\n<meta name=\"twitter:label1\" content=\"Escrito por\" \/>\n\t<meta name=\"twitter:data1\" content=\"MasQueSeguro\" \/>\n\t<meta name=\"twitter:label2\" content=\"Tiempo de lectura\" \/>\n\t<meta name=\"twitter:data2\" content=\"2 minutos\" \/>\n<script type=\"application\/ld+json\" class=\"yoast-schema-graph\">{\"@context\":\"https:\/\/schema.org\",\"@graph\":[{\"@type\":\"Article\",\"@id\":\"https:\/\/masqueseguro.es\/blog\/coberturas\/por-que-contratar-un-seguro-medico-privado-8-importantes-ventajas\/#article\",\"isPartOf\":{\"@id\":\"https:\/\/masqueseguro.es\/blog\/coberturas\/por-que-contratar-un-seguro-medico-privado-8-importantes-ventajas\/\"},\"author\":{\"name\":\"MasQueSeguro\",\"@id\":\"https:\/\/masqueseguro.es\/blog\/#\/schema\/person\/f9a2c808e321d7f923abec7187d38c22\"},\"headline\":\"\u00bfPor qu\u00e9 contratar un seguro m\u00e9dico privado? 8 importantes ventajas\",\"datePublished\":\"2019-11-14T19:50:11+00:00\",\"dateModified\":\"2022-11-03T19:48:16+00:00\",\"mainEntityOfPage\":{\"@id\":\"https:\/\/masqueseguro.es\/blog\/coberturas\/por-que-contratar-un-seguro-medico-privado-8-importantes-ventajas\/\"},\"wordCount\":482,\"commentCount\":0,\"publisher\":{\"@id\":\"https:\/\/masqueseguro.es\/blog\/#organization\"},\"articleSection\":[\"Coberturas\"],\"inLanguage\":\"es\",\"potentialAction\":[{\"@type\":\"CommentAction\",\"name\":\"Comment\",\"target\":[\"https:\/\/masqueseguro.es\/blog\/coberturas\/por-que-contratar-un-seguro-medico-privado-8-importantes-ventajas\/#respond\"]}]},{\"@type\":\"WebPage\",\"@id\":\"https:\/\/masqueseguro.es\/blog\/coberturas\/por-que-contratar-un-seguro-medico-privado-8-importantes-ventajas\/\",\"url\":\"https:\/\/masqueseguro.es\/blog\/coberturas\/por-que-contratar-un-seguro-medico-privado-8-importantes-ventajas\/\",\"name\":\"Seguro M\u00e9dico Privado. \u00bfPor qu\u00e9 contratarlo? | M\u00e1s Que Seguro\",\"isPartOf\":{\"@id\":\"https:\/\/masqueseguro.es\/blog\/#website\"},\"datePublished\":\"2019-11-14T19:50:11+00:00\",\"dateModified\":\"2022-11-03T19:48:16+00:00\",\"breadcrumb\":{\"@id\":\"https:\/\/masqueseguro.es\/blog\/coberturas\/por-que-contratar-un-seguro-medico-privado-8-importantes-ventajas\/#breadcrumb\"},\"inLanguage\":\"es\",\"potentialAction\":[{\"@type\":\"ReadAction\",\"target\":[\"https:\/\/masqueseguro.es\/blog\/coberturas\/por-que-contratar-un-seguro-medico-privado-8-importantes-ventajas\/\"]}]},{\"@type\":\"BreadcrumbList\",\"@id\":\"https:\/\/masqueseguro.es\/blog\/coberturas\/por-que-contratar-un-seguro-medico-privado-8-importantes-ventajas\/#breadcrumb\",\"itemListElement\":[{\"@type\":\"ListItem\",\"position\":1,\"name\":\"Portada\",\"item\":\"https:\/\/masqueseguro.es\/blog\/\"},{\"@type\":\"ListItem\",\"position\":2,\"name\":\"\u00bfPor qu\u00e9 contratar un seguro m\u00e9dico privado? 8 importantes ventajas\"}]},{\"@type\":\"WebSite\",\"@id\":\"https:\/\/masqueseguro.es\/blog\/#website\",\"url\":\"https:\/\/masqueseguro.es\/blog\/\",\"name\":\"M&aacute;s que Seguro\",\"description\":\"Actualidad M&aacute;s que Seguro\",\"publisher\":{\"@id\":\"https:\/\/masqueseguro.es\/blog\/#organization\"},\"potentialAction\":[{\"@type\":\"SearchAction\",\"target\":{\"@type\":\"EntryPoint\",\"urlTemplate\":\"https:\/\/masqueseguro.es\/blog\/?s={search_term_string}\"},\"query-input\":\"required name=search_term_string\"}],\"inLanguage\":\"es\"},{\"@type\":\"Organization\",\"@id\":\"https:\/\/masqueseguro.es\/blog\/#organization\",\"name\":\"M\u00e1s que Seguro\",\"url\":\"https:\/\/masqueseguro.es\/blog\/\",\"logo\":{\"@type\":\"ImageObject\",\"inLanguage\":\"es\",\"@id\":\"https:\/\/masqueseguro.es\/blog\/#\/schema\/logo\/image\/\",\"url\":\"https:\/\/masqueseguro.es\/blog\/wp-content\/uploads\/2022\/11\/logo-combinado.png\",\"contentUrl\":\"https:\/\/masqueseguro.es\/blog\/wp-content\/uploads\/2022\/11\/logo-combinado.png\",\"width\":278,\"height\":50,\"caption\":\"M\u00e1s que Seguro\"},\"image\":{\"@id\":\"https:\/\/masqueseguro.es\/blog\/#\/schema\/logo\/image\/\"},\"sameAs\":[\"https:\/\/www.facebook.com\/masqueseguro.es\"]},{\"@type\":\"Person\",\"@id\":\"https:\/\/masqueseguro.es\/blog\/#\/schema\/person\/f9a2c808e321d7f923abec7187d38c22\",\"name\":\"MasQueSeguro\",\"image\":{\"@type\":\"ImageObject\",\"inLanguage\":\"es\",\"@id\":\"https:\/\/masqueseguro.es\/blog\/#\/schema\/person\/image\/\",\"url\":\"https:\/\/secure.gravatar.com\/avatar\/61c067d118519e691a5577cdd441976d?s=96&d=mm&r=g\",\"contentUrl\":\"https:\/\/secure.gravatar.com\/avatar\/61c067d118519e691a5577cdd441976d?s=96&d=mm&r=g\",\"caption\":\"MasQueSeguro\"},\"url\":\"https:\/\/masqueseguro.es\/blog\/author\/admin\/\"}]}<\/script>\n<!-- \/ Yoast SEO plugin. -->","yoast_head_json":{"title":"Seguro M\u00e9dico Privado. \u00bfPor qu\u00e9 contratarlo? | M\u00e1s Que Seguro","robots":{"index":"index","follow":"follow","max-snippet":"max-snippet:-1","max-image-preview":"max-image-preview:large","max-video-preview":"max-video-preview:-1"},"canonical":"https:\/\/masqueseguro.es\/blog\/coberturas\/por-que-contratar-un-seguro-medico-privado-8-importantes-ventajas\/","og_locale":"es_ES","og_type":"article","og_title":"Seguro M\u00e9dico Privado. \u00bfPor qu\u00e9 contratarlo? | M\u00e1s Que Seguro","og_description":"\u00bfTe encuentras en el proceso de contratar un seguro de [&hellip;]","og_url":"https:\/\/masqueseguro.es\/blog\/coberturas\/por-que-contratar-un-seguro-medico-privado-8-importantes-ventajas\/","og_site_name":"M&aacute;s que Seguro","article_publisher":"https:\/\/www.facebook.com\/masqueseguro.es","article_published_time":"2019-11-14T19:50:11+00:00","article_modified_time":"2022-11-03T19:48:16+00:00","og_image":[{"width":1920,"height":1280,"url":"https:\/\/masqueseguro.es\/blog\/wp-content\/uploads\/2019\/11\/PORQUE-CONTRATAR.jpg","type":"image\/jpeg"}],"author":"MasQueSeguro","twitter_card":"summary_large_image","twitter_misc":{"Escrito por":"MasQueSeguro","Tiempo de lectura":"2 minutos"},"schema":{"@context":"https:\/\/schema.org","@graph":[{"@type":"Article","@id":"https:\/\/masqueseguro.es\/blog\/coberturas\/por-que-contratar-un-seguro-medico-privado-8-importantes-ventajas\/#article","isPartOf":{"@id":"https:\/\/masqueseguro.es\/blog\/coberturas\/por-que-contratar-un-seguro-medico-privado-8-importantes-ventajas\/"},"author":{"name":"MasQueSeguro","@id":"https:\/\/masqueseguro.es\/blog\/#\/schema\/person\/f9a2c808e321d7f923abec7187d38c22"},"headline":"\u00bfPor qu\u00e9 contratar un seguro m\u00e9dico privado? 8 importantes ventajas","datePublished":"2019-11-14T19:50:11+00:00","dateModified":"2022-11-03T19:48:16+00:00","mainEntityOfPage":{"@id":"https:\/\/masqueseguro.es\/blog\/coberturas\/por-que-contratar-un-seguro-medico-privado-8-importantes-ventajas\/"},"wordCount":482,"commentCount":0,"publisher":{"@id":"https:\/\/masqueseguro.es\/blog\/#organization"},"articleSection":["Coberturas"],"inLanguage":"es","potentialAction":[{"@type":"CommentAction","name":"Comment","target":["https:\/\/masqueseguro.es\/blog\/coberturas\/por-que-contratar-un-seguro-medico-privado-8-importantes-ventajas\/#respond"]}]},{"@type":"WebPage","@id":"https:\/\/masqueseguro.es\/blog\/coberturas\/por-que-contratar-un-seguro-medico-privado-8-importantes-ventajas\/","url":"https:\/\/masqueseguro.es\/blog\/coberturas\/por-que-contratar-un-seguro-medico-privado-8-importantes-ventajas\/","name":"Seguro M\u00e9dico Privado. \u00bfPor qu\u00e9 contratarlo? | M\u00e1s Que Seguro","isPartOf":{"@id":"https:\/\/masqueseguro.es\/blog\/#website"},"datePublished":"2019-11-14T19:50:11+00:00","dateModified":"2022-11-03T19:48:16+00:00","breadcrumb":{"@id":"https:\/\/masqueseguro.es\/blog\/coberturas\/por-que-contratar-un-seguro-medico-privado-8-importantes-ventajas\/#breadcrumb"},"inLanguage":"es","potentialAction":[{"@type":"ReadAction","target":["https:\/\/masqueseguro.es\/blog\/coberturas\/por-que-contratar-un-seguro-medico-privado-8-importantes-ventajas\/"]}]},{"@type":"BreadcrumbList","@id":"https:\/\/masqueseguro.es\/blog\/coberturas\/por-que-contratar-un-seguro-medico-privado-8-importantes-ventajas\/#breadcrumb","itemListElement":[{"@type":"ListItem","position":1,"name":"Portada","item":"https:\/\/masqueseguro.es\/blog\/"},{"@type":"ListItem","position":2,"name":"\u00bfPor qu\u00e9 contratar un seguro m\u00e9dico privado? 8 importantes ventajas"}]},{"@type":"WebSite","@id":"https:\/\/masqueseguro.es\/blog\/#website","url":"https:\/\/masqueseguro.es\/blog\/","name":"M&aacute;s que Seguro","description":"Actualidad M&aacute;s que Seguro","publisher":{"@id":"https:\/\/masqueseguro.es\/blog\/#organization"},"potentialAction":[{"@type":"SearchAction","target":{"@type":"EntryPoint","urlTemplate":"https:\/\/masqueseguro.es\/blog\/?s={search_term_string}"},"query-input":"required name=search_term_string"}],"inLanguage":"es"},{"@type":"Organization","@id":"https:\/\/masqueseguro.es\/blog\/#organization","name":"M\u00e1s que Seguro","url":"https:\/\/masqueseguro.es\/blog\/","logo":{"@type":"ImageObject","inLanguage":"es","@id":"https:\/\/masqueseguro.es\/blog\/#\/schema\/logo\/image\/","url":"https:\/\/masqueseguro.es\/blog\/wp-content\/uploads\/2022\/11\/logo-combinado.png","contentUrl":"https:\/\/masqueseguro.es\/blog\/wp-content\/uploads\/2022\/11\/logo-combinado.png","width":278,"height":50,"caption":"M\u00e1s que Seguro"},"image":{"@id":"https:\/\/masqueseguro.es\/blog\/#\/schema\/logo\/image\/"},"sameAs":["https:\/\/www.facebook.com\/masqueseguro.es"]},{"@type":"Person","@id":"https:\/\/masqueseguro.es\/blog\/#\/schema\/person\/f9a2c808e321d7f923abec7187d38c22","name":"MasQueSeguro","image":{"@type":"ImageObject","inLanguage":"es","@id":"https:\/\/masqueseguro.es\/blog\/#\/schema\/person\/image\/","url":"https:\/\/secure.gravatar.com\/avatar\/61c067d118519e691a5577cdd441976d?s=96&d=mm&r=g","contentUrl":"https:\/\/secure.gravatar.com\/avatar\/61c067d118519e691a5577cdd441976d?s=96&d=mm&r=g","caption":"MasQueSeguro"},"url":"https:\/\/masqueseguro.es\/blog\/author\/admin\/"}]}},"_links":{"self":[{"href":"https:\/\/masqueseguro.es\/blog\/wp-json\/wp\/v2\/posts\/120"}],"collection":[{"href":"https:\/\/masqueseguro.es\/blog\/wp-json\/wp\/v2\/posts"}],"about":[{"href":"https:\/\/masqueseguro.es\/blog\/wp-json\/wp\/v2\/types\/post"}],"author":[{"embeddable":true,"href":"https:\/\/masqueseguro.es\/blog\/wp-json\/wp\/v2\/users\/1"}],"replies":[{"embeddable":true,"href":"https:\/\/masqueseguro.es\/blog\/wp-json\/wp\/v2\/comments?post=120"}],"version-history":[{"count":1,"href":"https:\/\/masqueseguro.es\/blog\/wp-json\/wp\/v2\/posts\/120\/revisions"}],"predecessor-version":[{"id":122,"href":"https:\/\/masqueseguro.es\/blog\/wp-json\/wp\/v2\/posts\/120\/revisions\/122"}],"wp:featuredmedia":[{"embeddable":true,"href":"https:\/\/masqueseguro.es\/blog\/wp-json\/wp\/v2\/media\/121"}],"wp:attachment":[{"href":"https:\/\/masqueseguro.es\/blog\/wp-json\/wp\/v2\/media?parent=120"}],"wp:term":[{"taxonomy":"category","embeddable":true,"href":"https:\/\/masqueseguro.es\/blog\/wp-json\/wp\/v2\/categories?post=120"},{"taxonomy":"post_tag","embeddable":true,"href":"https:\/\/masqueseguro.es\/blog\/wp-json\/wp\/v2\/tags?post=120"}],"curies":[{"name":"wp","href":"https:\/\/api.w.org\/{rel}","templated":true}]}}